{"id":2904,"date":"2021-04-10T11:00:02","date_gmt":"2021-04-10T11:00:02","guid":{"rendered":"https:\/\/xn--huracnpolmicocancnquintanaroo-knc6wmu.com\/?p=2904"},"modified":"2021-04-10T04:14:14","modified_gmt":"2021-04-10T04:14:14","slug":"arde-irlanda-del-norte-por-brexit-y-pandemia","status":"publish","type":"post","link":"https:\/\/xn--huracnpolmicocancnquintanaroo-knc6wmu.com\/?p=2904","title":{"rendered":"Arde Irlanda del Norte por Brexit y pandemia"},"content":{"rendered":"<div class=\"content-body clearfix \">\n<div id=\"content-body-225-6576369\">\n<p>DUBL\u00cdN. El Brexit y la pandemia de coronavirus est\u00e1n avivando las tensiones en Irlanda del Norte, donde los disturbios de los \u00faltimos d\u00edas en \u00e1reas protestantes de la provincia brit\u00e1nica han causado cuantiosos da\u00f1os y heridas a medio centenar de polic\u00edas.<\/p>\n<p>La violencia callejera, protagonizada por grupos de unionistas -en su mayor\u00eda j\u00f3venes-, alcanz\u00f3 en la noche del mi\u00e9rcoles su punto \u00e1lgido con el secuestro e incendio de un autob\u00fas urbano en Belfast y la agresi\u00f3n a un fot\u00f3grafo de prensa.<\/p>\n<\/div>\n<\/div>\n<article class=\"content-continued-body clearfix \">\n<div id=\"content-body-5851641-6576369\">\n<article class=\"mundo\nmedia col-md-4 inline-story \"><\/p>\n<div class=\"teaser \">\n<div class=\"img-container picture\">Los alborotadores buscan ahora, adem\u00e1s del enfrentamiento con la Polic\u00eda aut\u00f3noma (PSNI), el choque con la comunidad cat\u00f3lica-nacionalista en las zonas que dividen a ambos bandos en la capital norirlandesa, las llamadas eufem\u00edsticamente \u201cl\u00edneas de paz\u201d.<\/div>\n<\/div>\n<\/article>\n<p>Estos intentos por extender el conflicto hizo saltar las alarmas entre los partidos de la regi\u00f3n y los gobiernos de Belfast, Dubl\u00edn y Londres, que llamaron a la calma para evitar una escalada de la violencia.<\/p>\n<p>A pesar de sus diferencias internas, el Ejecutivo norirland\u00e9s, de poder compartido entre protestantes y cat\u00f3licos, emiti\u00f3 un comunicado para pedir el fin de los \u201cdeplorables\u201d ataques contra los funcionarios y los vecindarios, en los que, seg\u00fan la PSNI, han estado implicados paramilitares lealistas (a la corona brit\u00e1nica).<\/p>\n<p>El gobierno aut\u00f3nomo adopt\u00f3 esa posici\u00f3n conjunta despu\u00e9s de reunirse con el m\u00e1ximo responsable policial de la provincia, Simon Byrne, quien ha sido duramente criticado estos d\u00edas por la ministra principal y l\u00edder del probrit\u00e1nico Partido Democr\u00e1tico Unionista (DUP).<\/p>\n<p>De hecho, algunos observadores atribuyen el rebrote de la violencia al enfrentamiento entre la polic\u00eda aut\u00f3noma y el DUP, molesto porque las autoridades decidieron la pasada semana no imputar a miembros del Sinn F\u00e9in, brazo pol\u00edtico del ya inactivo Ej\u00e9rcito Republicano Irland\u00e9s (IRA), que asistieron en junio al funeral de un antiguo l\u00edder paramilitar pese a las restricciones por la pandemia.<\/p>\n<p>El problema es que llueve sobre mojado, porque el sentimiento de agravio que acusa la comunidad unionista-protestante tambi\u00e9n tiene sus ra\u00edces en el Brexit y, en concreto, en el controvertido Protocolo Irland\u00e9s, incluido en el acuerdo de salida del Reino Unido de la Uni\u00f3n Europea.<\/p>\n<p>En virtud de este mecanismo, Irlanda del Norte sigue vinculada al mercado \u00fanico comunitario, por lo que las mercanc\u00edas que cruzan entre ese territorio y el resto del Reino Unido deben pasar controles aduaneros, con una nueva carga burocr\u00e1tica que ha provocado escasez de productos y tensiones pol\u00edticas.<\/p>\n<\/div>\n<\/article>\n","protected":false},"excerpt":{"rendered":"<p>DUBL\u00cdN. El Brexit y la pandemia de coronavirus est\u00e1n avivando las tensiones en Irlanda del&#8230;<\/p>\n","protected":false},"author":1,"featured_media":2905,"comment_status":"open","ping_status":"open","sticky":false,"template":"","format":"standard","meta":{"footnotes":""},"categories":[11],"tags":[],"class_list":["post-2904","post","type-post","status-publish","format-standard","has-post-thumbnail","hentry","category-internacional"],"_links":{"self":[{"href":"https:\/\/xn--huracnpolmicocancnquintanaroo-knc6wmu.com\/index.php?rest_route=\/wp\/v2\/posts\/2904","targetHints":{"allow":["GET"]}}],"collection":[{"href":"https:\/\/xn--huracnpolmicocancnquintanaroo-knc6wmu.com\/index.php?rest_route=\/wp\/v2\/posts"}],"about":[{"href":"https:\/\/xn--huracnpolmicocancnquintanaroo-knc6wmu.com\/index.php?rest_route=\/wp\/v2\/types\/post"}],"author":[{"embeddable":true,"href":"https:\/\/xn--huracnpolmicocancnquintanaroo-knc6wmu.com\/index.php?rest_route=\/wp\/v2\/users\/1"}],"replies":[{"embeddable":true,"href":"https:\/\/xn--huracnpolmicocancnquintanaroo-knc6wmu.com\/index.php?rest_route=%2Fwp%2Fv2%2Fcomments&post=2904"}],"version-history":[{"count":1,"href":"https:\/\/xn--huracnpolmicocancnquintanaroo-knc6wmu.com\/index.php?rest_route=\/wp\/v2\/posts\/2904\/revisions"}],"predecessor-version":[{"id":2906,"href":"https:\/\/xn--huracnpolmicocancnquintanaroo-knc6wmu.com\/index.php?rest_route=\/wp\/v2\/posts\/2904\/revisions\/2906"}],"wp:featuredmedia":[{"embeddable":true,"href":"https:\/\/xn--huracnpolmicocancnquintanaroo-knc6wmu.com\/index.php?rest_route=\/wp\/v2\/media\/2905"}],"wp:attachment":[{"href":"https:\/\/xn--huracnpolmicocancnquintanaroo-knc6wmu.com\/index.php?rest_route=%2Fwp%2Fv2%2Fmedia&parent=2904"}],"wp:term":[{"taxonomy":"category","embeddable":true,"href":"https:\/\/xn--huracnpolmicocancnquintanaroo-knc6wmu.com\/index.php?rest_route=%2Fwp%2Fv2%2Fcategories&post=2904"},{"taxonomy":"post_tag","embeddable":true,"href":"https:\/\/xn--huracnpolmicocancnquintanaroo-knc6wmu.com\/index.php?rest_route=%2Fwp%2Fv2%2Ftags&post=2904"}],"curies":[{"name":"wp","href":"https:\/\/api.w.org\/{rel}","templated":true}]}}