{"id":2916,"date":"2021-04-11T11:43:48","date_gmt":"2021-04-11T11:43:48","guid":{"rendered":"https:\/\/xn--huracnpolmicocancnquintanaroo-knc6wmu.com\/?p=2916"},"modified":"2021-04-11T02:55:43","modified_gmt":"2021-04-11T02:55:43","slug":"regreso-a-clases-presenciales-se-retrasan-en-campeche","status":"publish","type":"post","link":"https:\/\/xn--huracnpolmicocancnquintanaroo-knc6wmu.com\/?p=2916","title":{"rendered":"Regreso a clases presenciales se retrasan en Campeche"},"content":{"rendered":"<p>El regreso a clases presenciales en Campeche se retrasar\u00e1 luego de que autoridades sanitarias solicitaran primero, evaluar la situaci\u00f3n de la pandemia por Covid-19.<\/p>\n<div class=\"afw afw_custom  afw_ad afwadid-267205  \" data-ad-id=\"267205\">\n<div id=\"div-gpt-ad-1571779814198-0\" data-google-query-id=\"CKGmsNSX9e8CFdYRwwodLJkC9w\">\n<div id=\"google_ads_iframe_\/121287434\/web750_0__container__\">Campeche esperar\u00e1 un periodo de dos semanas, para analizar el comportamiento de la contingencia sanitaria tras el periodo vacacional de Semana Santa.<\/div>\n<\/div>\n<\/div>\n<p>Cabe mencionar que no existe una fecha para el regreso a clases, sin embargo, el lunes se realizar\u00e1n los Consejos T\u00e9cnicos Escolares de Educaci\u00f3n B\u00e1sica, el cual est\u00e1 integrado por profesores y autoridades de cada plantel.<\/p>\n<p>Hasta el momento se prev\u00e9 que las clases a distancia reinicien el martes 13 de abril, al finalizar el periodo vacacional de Semana Santa, asimismo ese d\u00eda se entregar\u00e1 el material de limpieza y protecci\u00f3n para los alumnos y maestros de las 137 escuelas de Campeche.<\/p>\n","protected":false},"excerpt":{"rendered":"<p>El regreso a clases presenciales en Campeche se retrasar\u00e1 luego de que autoridades sanitarias solicitaran&#8230;<\/p>\n","protected":false},"author":1,"featured_media":2917,"comment_status":"open","ping_status":"open","sticky":false,"template":"","format":"standard","meta":{"footnotes":""},"categories":[12],"tags":[],"class_list":["post-2916","post","type-post","status-publish","format-standard","has-post-thumbnail","hentry","category-nacional"],"_links":{"self":[{"href":"https:\/\/xn--huracnpolmicocancnquintanaroo-knc6wmu.com\/index.php?rest_route=\/wp\/v2\/posts\/2916","targetHints":{"allow":["GET"]}}],"collection":[{"href":"https:\/\/xn--huracnpolmicocancnquintanaroo-knc6wmu.com\/index.php?rest_route=\/wp\/v2\/posts"}],"about":[{"href":"https:\/\/xn--huracnpolmicocancnquintanaroo-knc6wmu.com\/index.php?rest_route=\/wp\/v2\/types\/post"}],"author":[{"embeddable":true,"href":"https:\/\/xn--huracnpolmicocancnquintanaroo-knc6wmu.com\/index.php?rest_route=\/wp\/v2\/users\/1"}],"replies":[{"embeddable":true,"href":"https:\/\/xn--huracnpolmicocancnquintanaroo-knc6wmu.com\/index.php?rest_route=%2Fwp%2Fv2%2Fcomments&post=2916"}],"version-history":[{"count":1,"href":"https:\/\/xn--huracnpolmicocancnquintanaroo-knc6wmu.com\/index.php?rest_route=\/wp\/v2\/posts\/2916\/revisions"}],"predecessor-version":[{"id":2918,"href":"https:\/\/xn--huracnpolmicocancnquintanaroo-knc6wmu.com\/index.php?rest_route=\/wp\/v2\/posts\/2916\/revisions\/2918"}],"wp:featuredmedia":[{"embeddable":true,"href":"https:\/\/xn--huracnpolmicocancnquintanaroo-knc6wmu.com\/index.php?rest_route=\/wp\/v2\/media\/2917"}],"wp:attachment":[{"href":"https:\/\/xn--huracnpolmicocancnquintanaroo-knc6wmu.com\/index.php?rest_route=%2Fwp%2Fv2%2Fmedia&parent=2916"}],"wp:term":[{"taxonomy":"category","embeddable":true,"href":"https:\/\/xn--huracnpolmicocancnquintanaroo-knc6wmu.com\/index.php?rest_route=%2Fwp%2Fv2%2Fcategories&post=2916"},{"taxonomy":"post_tag","embeddable":true,"href":"https:\/\/xn--huracnpolmicocancnquintanaroo-knc6wmu.com\/index.php?rest_route=%2Fwp%2Fv2%2Ftags&post=2916"}],"curies":[{"name":"wp","href":"https:\/\/api.w.org\/{rel}","templated":true}]}}