{"id":2936,"date":"2021-04-12T11:36:56","date_gmt":"2021-04-12T11:36:56","guid":{"rendered":"https:\/\/xn--huracnpolmicocancnquintanaroo-knc6wmu.com\/?p=2936"},"modified":"2021-04-12T03:48:37","modified_gmt":"2021-04-12T03:48:37","slug":"sera-el-proximo-sabado-17-el-funeral-del-principe-felipe","status":"publish","type":"post","link":"https:\/\/xn--huracnpolmicocancnquintanaroo-knc6wmu.com\/?p=2936","title":{"rendered":"Ser\u00e1 el pr\u00f3ximo s\u00e1bado 17 el funeral del pr\u00edncipe Felipe"},"content":{"rendered":"<p>El funeral del pr\u00edncipe Felipe se llevar\u00e1 a cabo el s\u00e1bado 17 de abril de 2021 en la Capilla de San Jorge, Windsor, inform\u00f3 el Palacio de Buckingham.<\/p>\n<div class=\"afw afw_custom  afw_ad afwadid-267205  \" data-ad-id=\"267205\">\n<div id=\"div-gpt-ad-1571779814198-0\" data-google-query-id=\"CK-K2q3l9-8CFYvc4QodQekL8A\">\n<div id=\"google_ads_iframe_\/121287434\/web750_0__container__\">El duque de Edinburgo ser\u00e1 sepultado con todos los honores debidos a un pr\u00edncipe del Reino Unido y el consorte de la reina Isabel II. Pero debido a la pandemia de Covid-19 ser\u00e1 una despedida m\u00e1s discreta que la de otros integrantes de la familia real.<\/div>\n<\/div>\n<\/div>\n<p>La Reina ha aprobado la recomendaci\u00f3n del Primer Ministro de que habr\u00e1 un periodo de Duelo Nacional hasta el s\u00e1bado 17 de abril.<\/p>\n<p>Las banderas se ondean a media asta en las residencias reales, los edificios gubernamentales, los establecimientos de las Fuerzas Armadas y los Correos del Reino Unido en el extranjero.<\/p>\n<p>El palacio y el gobierno brit\u00e1nico instaron a la gente a no reunirse ni dejar flores afuera de las residencias reales para homenajearlo.<\/p>\n<div id=\"attachment_273676\" class=\"wp-caption aligncenter\">\n<div id=\"standard_2\" class=\"st-placement standard_2 inImage\">\n<div class=\"st-adunit st-reset st-show\"><\/div>\n<\/div>\n<p><img loading=\"lazy\" decoding=\"async\" class=\"size-full wp-image-273676\" src=\"https:\/\/turquesanews.mx\/wp-content\/uploads\/2021\/04\/funerales_principe_felipe_gran_bretana-1.jpg\" sizes=\"auto, (max-width: 940px) 100vw, 940px\" srcset=\"https:\/\/turquesanews.mx\/wp-content\/uploads\/2021\/04\/funerales_principe_felipe_gran_bretana-1.jpg 940w, https:\/\/turquesanews.mx\/wp-content\/uploads\/2021\/04\/funerales_principe_felipe_gran_bretana-1-300x200.jpg 300w, https:\/\/turquesanews.mx\/wp-content\/uploads\/2021\/04\/funerales_principe_felipe_gran_bretana-1-768x512.jpg 768w\" alt=\"El duque de Edinburgo ser\u00e1 sepultado con todos los honores debidos a un pr\u00edncipe del Reino Unido.\" width=\"940\" height=\"627\" aria-describedby=\"caption-attachment-273676\" \/><\/p>\n<p id=\"caption-attachment-273676\" class=\"wp-caption-text\">El duque de Edinburgo ser\u00e1 sepultado con todos los honores debidos a un pr\u00edncipe del Reino Unido.<\/p>\n<\/div>\n<p>La poblaci\u00f3n fue invitada a firmar un libro de condolencias en internet para evitar multitudes y largas filas.<\/p>\n<p>Gran Breta\u00f1a, que tiene el mayor n\u00famero de decesos por la pandemia en Europa con 127 mil, todav\u00eda sigue bajo ciertas restricciones de cierre para combatir el Covid-19.<\/p>\n<p>Cuando muri\u00f3 en 2002 la Reina Madre Isabel, la m\u00e1s reciente consorte real en fallecer, su ata\u00fad fue colocado en la Sala Westminster del Parlamento y miles de personas acudieron a despedirse.<\/p>\n<p>El cuerpo de Felipe no se presentar\u00e1 al p\u00fablico debido a la pandemia y su actitud \u201csin complicaciones\u201d. Tampoco ser\u00e1 un funeral de estado, para cumplir sus \u00faltimos deseos.<\/p>\n<p><strong>Esto es lo que se sabe acerca de la sepultura del duque de Edinburgo<\/strong><\/p>\n<ul>\n<li>Ser\u00e1 un funeral real ceremonial en lugar de un funeral de Estado.<\/li>\n<li>El funeral comenzar\u00e1 con un minuto nacional de silencio a las tres de la tarde.<\/li>\n<li>El servicio estar\u00e1 precedido por una procesi\u00f3n ceremonial dentro de los terrenos del Castillo de Windsor.<\/li>\n<li>El ata\u00fad del duque de Edimburgo descansar\u00e1 inicialmente en la Capilla Privada.<\/li>\n<li>Estar\u00e1 cubierto con el estandarte personal de Su Alteza Real y vestido con una corona de flores.<\/li>\n<li>El funeral contar\u00e1 con la presencia de Su Majestad la Reina y miembros de la Familia Real.<\/li>\n<\/ul>\n","protected":false},"excerpt":{"rendered":"<p>El funeral del pr\u00edncipe Felipe se llevar\u00e1 a cabo el s\u00e1bado 17 de abril de&#8230;<\/p>\n","protected":false},"author":1,"featured_media":2937,"comment_status":"open","ping_status":"open","sticky":false,"template":"","format":"standard","meta":{"footnotes":""},"categories":[11],"tags":[],"class_list":["post-2936","post","type-post","status-publish","format-standard","has-post-thumbnail","hentry","category-internacional"],"_links":{"self":[{"href":"https:\/\/xn--huracnpolmicocancnquintanaroo-knc6wmu.com\/index.php?rest_route=\/wp\/v2\/posts\/2936","targetHints":{"allow":["GET"]}}],"collection":[{"href":"https:\/\/xn--huracnpolmicocancnquintanaroo-knc6wmu.com\/index.php?rest_route=\/wp\/v2\/posts"}],"about":[{"href":"https:\/\/xn--huracnpolmicocancnquintanaroo-knc6wmu.com\/index.php?rest_route=\/wp\/v2\/types\/post"}],"author":[{"embeddable":true,"href":"https:\/\/xn--huracnpolmicocancnquintanaroo-knc6wmu.com\/index.php?rest_route=\/wp\/v2\/users\/1"}],"replies":[{"embeddable":true,"href":"https:\/\/xn--huracnpolmicocancnquintanaroo-knc6wmu.com\/index.php?rest_route=%2Fwp%2Fv2%2Fcomments&post=2936"}],"version-history":[{"count":1,"href":"https:\/\/xn--huracnpolmicocancnquintanaroo-knc6wmu.com\/index.php?rest_route=\/wp\/v2\/posts\/2936\/revisions"}],"predecessor-version":[{"id":2938,"href":"https:\/\/xn--huracnpolmicocancnquintanaroo-knc6wmu.com\/index.php?rest_route=\/wp\/v2\/posts\/2936\/revisions\/2938"}],"wp:featuredmedia":[{"embeddable":true,"href":"https:\/\/xn--huracnpolmicocancnquintanaroo-knc6wmu.com\/index.php?rest_route=\/wp\/v2\/media\/2937"}],"wp:attachment":[{"href":"https:\/\/xn--huracnpolmicocancnquintanaroo-knc6wmu.com\/index.php?rest_route=%2Fwp%2Fv2%2Fmedia&parent=2936"}],"wp:term":[{"taxonomy":"category","embeddable":true,"href":"https:\/\/xn--huracnpolmicocancnquintanaroo-knc6wmu.com\/index.php?rest_route=%2Fwp%2Fv2%2Fcategories&post=2936"},{"taxonomy":"post_tag","embeddable":true,"href":"https:\/\/xn--huracnpolmicocancnquintanaroo-knc6wmu.com\/index.php?rest_route=%2Fwp%2Fv2%2Ftags&post=2936"}],"curies":[{"name":"wp","href":"https:\/\/api.w.org\/{rel}","templated":true}]}}