{"id":2939,"date":"2021-04-12T11:49:13","date_gmt":"2021-04-12T11:49:13","guid":{"rendered":"https:\/\/xn--huracnpolmicocancnquintanaroo-knc6wmu.com\/?p=2939"},"modified":"2021-04-12T03:59:53","modified_gmt":"2021-04-12T03:59:53","slug":"real-madrid-perderia-a-lucas-vazquez-el-resto-de-la-temporada","status":"publish","type":"post","link":"https:\/\/xn--huracnpolmicocancnquintanaroo-knc6wmu.com\/?p=2939","title":{"rendered":"Real Madrid perder\u00eda a Lucas V\u00e1zquez el resto de la temporada"},"content":{"rendered":"<p>El jugador del Real Madrid\u00a0<strong>Lucas V\u00e1zquez, sustituido el s\u00e1bado al descanso en el Cl\u00e1sico ante el Barcelona que ganaron los blancos por 2-1<\/strong>, sufre &#8220;un esguince de ligamento cruzado posterior de la rodilla izquierda&#8221;, anunci\u00f3 este domingo su club y podr\u00eda perderse lo que resta de temporada.<\/p>\n<blockquote><p>Tras las pruebas realizadas hoy a nuestro jugador Lucas V\u00e1zquez por los servicios m\u00e9dicos del Real Madrid se le ha diagnosticado un esguince de ligamento cruzado posterior de la rodilla izquierda. Pendiente de evoluci\u00f3n&#8221;, inform\u00f3 el club blanco.<\/p><\/blockquote>\n<p>Autor del pase decisivo a Karim Benzema en el 1-0,\u00a0<strong>V\u00e1zquez fue sustituido en el minuto 42 por \u00c1lvaro Odriozola,<\/strong>\u00a0tras sufrir un choque con Sergi Busquets.<\/p>\n<p><strong>El Real Madrid no ha precisado el tiempo de baja del futbolista<\/strong>, pero seg\u00fan la prensa espa\u00f1ola no volver\u00e1 a jugar esta temporada.<\/p>\n<p><strong>V\u00e1zquez se hab\u00eda hecho con el puesto de titular derecho en el Ral Madrid.<\/strong>\u00a0Su baja se une a las de Sergio Ramos (gemelo izquierdo), Raphael Varane (covid-19) y Dani Carvajal (muslo derecho) en una defensa muy mermada para defender esta semana el 3-1 favorable ante el Liverpool en la vuelta de cuartos de la Champions.<\/p>\n<p>El internacional espa\u00f1ol, que puede jugar en la defensa o en el ataque, finaliza contrato con el Real Madrid el 30 de junio.<\/p>\n","protected":false},"excerpt":{"rendered":"<p>El jugador del Real Madrid\u00a0Lucas V\u00e1zquez, sustituido el s\u00e1bado al descanso en el Cl\u00e1sico ante&#8230;<\/p>\n","protected":false},"author":1,"featured_media":2940,"comment_status":"open","ping_status":"open","sticky":false,"template":"","format":"standard","meta":{"footnotes":""},"categories":[6],"tags":[],"class_list":["post-2939","post","type-post","status-publish","format-standard","has-post-thumbnail","hentry","category-deportes"],"_links":{"self":[{"href":"https:\/\/xn--huracnpolmicocancnquintanaroo-knc6wmu.com\/index.php?rest_route=\/wp\/v2\/posts\/2939","targetHints":{"allow":["GET"]}}],"collection":[{"href":"https:\/\/xn--huracnpolmicocancnquintanaroo-knc6wmu.com\/index.php?rest_route=\/wp\/v2\/posts"}],"about":[{"href":"https:\/\/xn--huracnpolmicocancnquintanaroo-knc6wmu.com\/index.php?rest_route=\/wp\/v2\/types\/post"}],"author":[{"embeddable":true,"href":"https:\/\/xn--huracnpolmicocancnquintanaroo-knc6wmu.com\/index.php?rest_route=\/wp\/v2\/users\/1"}],"replies":[{"embeddable":true,"href":"https:\/\/xn--huracnpolmicocancnquintanaroo-knc6wmu.com\/index.php?rest_route=%2Fwp%2Fv2%2Fcomments&post=2939"}],"version-history":[{"count":1,"href":"https:\/\/xn--huracnpolmicocancnquintanaroo-knc6wmu.com\/index.php?rest_route=\/wp\/v2\/posts\/2939\/revisions"}],"predecessor-version":[{"id":2941,"href":"https:\/\/xn--huracnpolmicocancnquintanaroo-knc6wmu.com\/index.php?rest_route=\/wp\/v2\/posts\/2939\/revisions\/2941"}],"wp:featuredmedia":[{"embeddable":true,"href":"https:\/\/xn--huracnpolmicocancnquintanaroo-knc6wmu.com\/index.php?rest_route=\/wp\/v2\/media\/2940"}],"wp:attachment":[{"href":"https:\/\/xn--huracnpolmicocancnquintanaroo-knc6wmu.com\/index.php?rest_route=%2Fwp%2Fv2%2Fmedia&parent=2939"}],"wp:term":[{"taxonomy":"category","embeddable":true,"href":"https:\/\/xn--huracnpolmicocancnquintanaroo-knc6wmu.com\/index.php?rest_route=%2Fwp%2Fv2%2Fcategories&post=2939"},{"taxonomy":"post_tag","embeddable":true,"href":"https:\/\/xn--huracnpolmicocancnquintanaroo-knc6wmu.com\/index.php?rest_route=%2Fwp%2Fv2%2Ftags&post=2939"}],"curies":[{"name":"wp","href":"https:\/\/api.w.org\/{rel}","templated":true}]}}