{"id":2942,"date":"2021-04-12T11:01:01","date_gmt":"2021-04-12T11:01:01","guid":{"rendered":"https:\/\/xn--huracnpolmicocancnquintanaroo-knc6wmu.com\/?p=2942"},"modified":"2021-04-12T04:10:12","modified_gmt":"2021-04-12T04:10:12","slug":"pese-a-cierto-rechazo-mon-laferte-se-afirma-feminista","status":"publish","type":"post","link":"https:\/\/xn--huracnpolmicocancnquintanaroo-knc6wmu.com\/?p=2942","title":{"rendered":"Pese a cierto rechazo, Mon Laferte se afirma feminista"},"content":{"rendered":"<div class=\"row\">\n<div id=\"article-content-tts\" class=\"article-content ljn-nota-contenido\">\n<div id=\"content_nitf\">\n<p>Mon Laferte dice que ser feminista le ha costado el rechazo de una parte de su p\u00fablico, pero reafirma su convicci\u00f3n en\u00a0<em>Seis,<\/em>\u00a0su nuevo \u00e1lbum, que incluye temas como\u00a0<em>La Mujer<\/em>\u00a0y est\u00e1 inspirado en el estilo de Chavela Vargas.<\/p>\n<p>\u201cEs medio dif\u00edcil hoy decir \u2018soy feminista\u2019. La gente le tiene miedo, causa rechazo\u201d, coment\u00f3 en entrevista con motivo del lanzamiento de su reciente trabajo.<\/p>\n<p>Cuenta que ese activismo le ha generado cr\u00edticas de sus seguidores, en redes sociales: \u201cMe gustabas antes, cuando no eras feminista\u201d.<\/p>\n<div class=\"teads-inread sm-screen\">\n<div id=\"teads0\" class=\"teads-player\">\u201cNo entiendo qu\u00e9 tiene que ver, que quiera que todos seamos iguales, defender mis derechos como mujer y que no desee que est\u00e9n matando a otras mujeres\u201d, cuestion\u00f3.<\/div>\n<\/div>\n<p>Sin embargo, la bandera del feminismo tambi\u00e9n le ha hecho ganar numerosos adeptos a su m\u00fasica.<\/p>\n<p>Como parte de su activismo, Laferte lleg\u00f3 a desfilar con el torso desnudo en la alfombra roja de los Grammy latinos en 2019.<\/p>\n<p>\u201cSon tantos a\u00f1os de silencio de nosotras, porque cre\u00edamos que ten\u00edamos que estar en silencio, que hoy las protagonistas estamos siendo definitivamente las mujeres\u201d, sostuvo.<\/p>\n<p>Grab\u00f3 la canci\u00f3n\u00a0<em>La Mujer,<\/em>\u00a0sobre el amor y la libertad, junto con Gloria Trevi, quien \u201cfue, es y sigue siendo una inspiraci\u00f3n para m\u00ed\u201d, coment\u00f3 la multiganadora del Grammy. \u201cRecuerdo que escuchaba su m\u00fasica con mis compa\u00f1eritas, cuando ten\u00eda 12 a\u00f1os, a escondidas (\u2026) porque hab\u00eda canciones (de ella) que eran prohibidas\u201d, record\u00f3 la cantautora chilena.<\/p>\n<p>Otras figuras femeninas, como Chavela Vargas, tambi\u00e9n inspiraron parte del nuevo \u00e1lbum en el que sobresalen los sonidos de la m\u00fasica regional mexicana.<\/p>\n<p>Motivada por el esp\u00edritu aguerrido de Vargas, quien brill\u00f3 en un g\u00e9nero originalmente dominado por hombres, Laferte grab\u00f3 dos canciones junto a Alejandro Fern\u00e1ndez y la Arrolladora Banda El Lim\u00f3n.<\/p>\n<p>\u201cCuando llegu\u00e9 a M\u00e9xico ve\u00eda los videos de m\u00fasica banda en los canales de m\u00fasica, y eran un mont\u00f3n de tipos. No s\u00e9 cu\u00e1ntos, como 20 o m\u00e1s\u201d, dijo la cantante, quien tiene 37 a\u00f1os.<\/p>\n<p><em>Seis<\/em> est\u00e1 compuesto por 14 temas y fue grabado el a\u00f1o pasado durante el confinamiento por Covid-19. Fue coproducido por Laferte, Man\u00fa Jalil y Sebasti\u00e1n Aracena.<\/p>\n<\/div>\n<\/div>\n<\/div>\n","protected":false},"excerpt":{"rendered":"<p>Mon Laferte dice que ser feminista le ha costado el rechazo de una parte de&#8230;<\/p>\n","protected":false},"author":1,"featured_media":2943,"comment_status":"open","ping_status":"open","sticky":false,"template":"","format":"standard","meta":{"footnotes":""},"categories":[9],"tags":[],"class_list":["post-2942","post","type-post","status-publish","format-standard","has-post-thumbnail","hentry","category-espectaculos"],"_links":{"self":[{"href":"https:\/\/xn--huracnpolmicocancnquintanaroo-knc6wmu.com\/index.php?rest_route=\/wp\/v2\/posts\/2942","targetHints":{"allow":["GET"]}}],"collection":[{"href":"https:\/\/xn--huracnpolmicocancnquintanaroo-knc6wmu.com\/index.php?rest_route=\/wp\/v2\/posts"}],"about":[{"href":"https:\/\/xn--huracnpolmicocancnquintanaroo-knc6wmu.com\/index.php?rest_route=\/wp\/v2\/types\/post"}],"author":[{"embeddable":true,"href":"https:\/\/xn--huracnpolmicocancnquintanaroo-knc6wmu.com\/index.php?rest_route=\/wp\/v2\/users\/1"}],"replies":[{"embeddable":true,"href":"https:\/\/xn--huracnpolmicocancnquintanaroo-knc6wmu.com\/index.php?rest_route=%2Fwp%2Fv2%2Fcomments&post=2942"}],"version-history":[{"count":1,"href":"https:\/\/xn--huracnpolmicocancnquintanaroo-knc6wmu.com\/index.php?rest_route=\/wp\/v2\/posts\/2942\/revisions"}],"predecessor-version":[{"id":2944,"href":"https:\/\/xn--huracnpolmicocancnquintanaroo-knc6wmu.com\/index.php?rest_route=\/wp\/v2\/posts\/2942\/revisions\/2944"}],"wp:featuredmedia":[{"embeddable":true,"href":"https:\/\/xn--huracnpolmicocancnquintanaroo-knc6wmu.com\/index.php?rest_route=\/wp\/v2\/media\/2943"}],"wp:attachment":[{"href":"https:\/\/xn--huracnpolmicocancnquintanaroo-knc6wmu.com\/index.php?rest_route=%2Fwp%2Fv2%2Fmedia&parent=2942"}],"wp:term":[{"taxonomy":"category","embeddable":true,"href":"https:\/\/xn--huracnpolmicocancnquintanaroo-knc6wmu.com\/index.php?rest_route=%2Fwp%2Fv2%2Fcategories&post=2942"},{"taxonomy":"post_tag","embeddable":true,"href":"https:\/\/xn--huracnpolmicocancnquintanaroo-knc6wmu.com\/index.php?rest_route=%2Fwp%2Fv2%2Ftags&post=2942"}],"curies":[{"name":"wp","href":"https:\/\/api.w.org\/{rel}","templated":true}]}}