{"id":2959,"date":"2021-04-13T11:31:58","date_gmt":"2021-04-13T11:31:58","guid":{"rendered":"https:\/\/xn--huracnpolmicocancnquintanaroo-knc6wmu.com\/?p=2959"},"modified":"2021-04-13T04:40:43","modified_gmt":"2021-04-13T04:40:43","slug":"julian-edelman-decide-retirarse-de-la-nfl","status":"publish","type":"post","link":"https:\/\/xn--huracnpolmicocancnquintanaroo-knc6wmu.com\/?p=2959","title":{"rendered":"Julian Edelman decide retirarse de la NFL"},"content":{"rendered":"<p>Tras anunciarse que\u00a0<strong>no continuar\u00e1 en los Patriotas de Nueva Inglaterra<\/strong>\u00a0para la temporada 2021 de la\u00a0<strong>NFL<\/strong>,\u00a0<strong>el receptor Julian <\/strong><strong>Edelman confirm\u00f3 su retiro del futbol americano<\/strong>\u00a0luego de los problemas f\u00edsicos que lo aquejan y que le impidieron superar las pruebas m\u00e9dicas en Foxborough.<\/p>\n<div class=\"twitter-tweet twitter-tweet-rendered\"><iframe id=\"twitter-widget-0\" class=\"\" title=\"Twitter Tweet\" src=\"https:\/\/platform.twitter.com\/embed\/Tweet.html?dnt=false&amp;embedId=twitter-widget-0&amp;features=eyJ0ZndfZXhwZXJpbWVudHNfY29va2llX2V4cGlyYXRpb24iOnsiYnVja2V0IjoxMjA5NjAwLCJ2ZXJzaW9uIjpudWxsfSwidGZ3X2hvcml6b25fdHdlZXRfZW1iZWRfOTU1NSI6eyJidWNrZXQiOiJodGUiLCJ2ZXJzaW9uIjpudWxsfX0%3D&amp;frame=false&amp;hideCard=false&amp;hideThread=false&amp;id=1381722282570170373&amp;lang=es&amp;origin=https%3A%2F%2Fwww.excelsior.com.mx%2Fadrenalina%2Fjulian-edelman-decide-retirarse-de-la-nfl%2F1442870&amp;sessionId=1bbf3c8f739d1d924335f7c1dffdc5903caf5ee5&amp;siteScreenName=adrenalina&amp;theme=light&amp;widgetsVersion=1ead0c7%3A1617660954974&amp;width=550px\" frameborder=\"0\" scrolling=\"no\" allowfullscreen=\"allowfullscreen\" data-tweet-id=\"1381722282570170373\" data-mce-fragment=\"1\"><\/iframe><\/div>\n<blockquote><p>Hago mi anuncio oficial de mi retiro del futbol americano. Una decisi\u00f3n muy dif\u00edcil, pero la mejor para m\u00ed y mi familia. Y es un honor y estoy muy orgulloso de retirarme como un Patriot\u201d, comunic\u00f3 Julian Edelman a trav\u00e9s de un video emitido desde el Gillette Stadium.<\/p><\/blockquote>\n<p><span class=\"article-body-numeralia\"><strong>3 <\/strong>Super Bowls conquist\u00f3 Edelman con los Patriotas.<\/span><\/p>\n<p>Los medios estadunidenses dieron a conocer que\u00a0<strong>la franquicia de los Patriotas decidi\u00f3 cortar a Edelman para que el receptor pueda recibir dos millones de d\u00f3lares como beneficio<\/strong>\u00a0para poder atender la lesi\u00f3n de rodilla que lo aqueja y que lo hace alejarse de los emparrillados.<\/p>\n<p>El\u00a0<strong>equipo de Nueva Inglaterra tambi\u00e9n public\u00f3 un tweet en donde agradece al jugador los 12 a\u00f1os que perteneci\u00f3 a la franquicia<\/strong>\u00a0donde disput\u00f3 cinco Super Tazones, saliendo victorioso en tres de ellos junto a hombres legendarios como\u00a0<strong>Tom Brady<\/strong>\u00a0y Rob Gronkowski.<\/p>\n<p>Julian Edelman fue nombrado\u00a0<strong>MVP del Super Bowl LIII, donde los Patriotas de Nueva Inglaterra se impusieron sobre los Halcones de Atlanta con una espectacular recepci\u00f3n suya<\/strong>, adem\u00e1s de registrar 6.822 yardas y 36 anotaciones con el equipo.<\/p>\n","protected":false},"excerpt":{"rendered":"<p>Tras anunciarse que\u00a0no continuar\u00e1 en los Patriotas de Nueva Inglaterra\u00a0para la temporada 2021 de la\u00a0NFL,\u00a0el&#8230;<\/p>\n","protected":false},"author":1,"featured_media":2960,"comment_status":"open","ping_status":"open","sticky":false,"template":"","format":"standard","meta":{"footnotes":""},"categories":[6],"tags":[],"class_list":["post-2959","post","type-post","status-publish","format-standard","has-post-thumbnail","hentry","category-deportes"],"_links":{"self":[{"href":"https:\/\/xn--huracnpolmicocancnquintanaroo-knc6wmu.com\/index.php?rest_route=\/wp\/v2\/posts\/2959","targetHints":{"allow":["GET"]}}],"collection":[{"href":"https:\/\/xn--huracnpolmicocancnquintanaroo-knc6wmu.com\/index.php?rest_route=\/wp\/v2\/posts"}],"about":[{"href":"https:\/\/xn--huracnpolmicocancnquintanaroo-knc6wmu.com\/index.php?rest_route=\/wp\/v2\/types\/post"}],"author":[{"embeddable":true,"href":"https:\/\/xn--huracnpolmicocancnquintanaroo-knc6wmu.com\/index.php?rest_route=\/wp\/v2\/users\/1"}],"replies":[{"embeddable":true,"href":"https:\/\/xn--huracnpolmicocancnquintanaroo-knc6wmu.com\/index.php?rest_route=%2Fwp%2Fv2%2Fcomments&post=2959"}],"version-history":[{"count":1,"href":"https:\/\/xn--huracnpolmicocancnquintanaroo-knc6wmu.com\/index.php?rest_route=\/wp\/v2\/posts\/2959\/revisions"}],"predecessor-version":[{"id":2961,"href":"https:\/\/xn--huracnpolmicocancnquintanaroo-knc6wmu.com\/index.php?rest_route=\/wp\/v2\/posts\/2959\/revisions\/2961"}],"wp:featuredmedia":[{"embeddable":true,"href":"https:\/\/xn--huracnpolmicocancnquintanaroo-knc6wmu.com\/index.php?rest_route=\/wp\/v2\/media\/2960"}],"wp:attachment":[{"href":"https:\/\/xn--huracnpolmicocancnquintanaroo-knc6wmu.com\/index.php?rest_route=%2Fwp%2Fv2%2Fmedia&parent=2959"}],"wp:term":[{"taxonomy":"category","embeddable":true,"href":"https:\/\/xn--huracnpolmicocancnquintanaroo-knc6wmu.com\/index.php?rest_route=%2Fwp%2Fv2%2Fcategories&post=2959"},{"taxonomy":"post_tag","embeddable":true,"href":"https:\/\/xn--huracnpolmicocancnquintanaroo-knc6wmu.com\/index.php?rest_route=%2Fwp%2Fv2%2Ftags&post=2959"}],"curies":[{"name":"wp","href":"https:\/\/api.w.org\/{rel}","templated":true}]}}