{"id":2972,"date":"2021-04-14T11:58:41","date_gmt":"2021-04-14T11:58:41","guid":{"rendered":"https:\/\/xn--huracnpolmicocancnquintanaroo-knc6wmu.com\/?p=2972"},"modified":"2021-04-13T19:16:22","modified_gmt":"2021-04-13T19:16:22","slug":"estados-unidos-esta-incrementado-su-presencia-militar-en-alemania-que-pasa","status":"publish","type":"post","link":"https:\/\/xn--huracnpolmicocancnquintanaroo-knc6wmu.com\/?p=2972","title":{"rendered":"Estados Unidos est\u00e1 incrementado su presencia militar en Alemania \u00bfqu\u00e9 pasa?"},"content":{"rendered":"<p>El secretario de Defensa, Lloyd Austin, anunci\u00f3 este martes 13 de abril que el\u00a0<strong>ej\u00e9rcito de Estados Unidos aumentar\u00e1 su presencia en Alemania<\/strong>, volviendo a comprometer a EE.UU con la<strong>\u00a0alianza de la OTAN<\/strong>\u00a0en un retroceso de los planes de la administraci\u00f3n anterior de retirar tropas del pa\u00eds.<\/p>\n<p>Estados Unidos estacionar\u00e1 permanentemente &#8220;aproximadamente 500 empleados estadounidenses adicionales en el \u00e1rea de Wiesbaden&#8221; de Alemania y estar\u00e1 en tierra &#8220;tan pronto como el oto\u00f1o&#8221;, dijo Austin durante una conferencia de prensa en Berl\u00edn.<\/p>\n<p>&#8220;Este aumento planificado de personal estadounidense subraya nuestro compromiso con Alemania y con toda la alianza de la OTAN&#8221;, agreg\u00f3.<\/p>\n<p>El anuncio de Austin se produce en medio de las preocupaciones de Estados Unidos y la OTAN por el<strong>\u00a0aumento de las tropas rusas en la frontera oriental\u00a0<\/strong>de Ucrania, que equivalen a m\u00e1s tropas rusas que en cualquier otro momento desde 2014, cuando se anex\u00f3 la pen\u00ednsula de Crimea, seg\u00fan la Casa Blanca.<\/p>\n<p>En su anuncio del martes, Austin dijo que el nuevo personal en Alemania &#8220;fortalecer\u00e1 la disuasi\u00f3n y la defensa en Europa, y aumentar\u00e1 nuestras capacidades existentes para prevenir conflictos&#8221;.<\/p>\n<p>Dijo que las fuerzas &#8220;crear\u00edan m\u00e1s capacidades espaciales, m\u00e1s capacidades de guerra cibern\u00e9tica y electr\u00f3nica en Europa&#8221; y &#8220;mejorar\u00edan en gran medida nuestra capacidad de aumentar las fuerzas en cualquier momento para defender a nuestros aliados&#8221;.<\/p>\n<p>Cuando se le pregunt\u00f3 si se trataba de un mensaje para Rusia, Austin respondi\u00f3: &#8220;Perm\u00edtanme asegurarles que es un mensaje para la OTAN, y ese mensaje es que apoyamos a la OTAN al m\u00e1ximo&#8221;.<\/p>\n<p>&#8220;Y lo m\u00e1s importante, valoramos la relaci\u00f3n con nuestro socio aqu\u00ed en Alemania. Y as\u00ed continuaremos fortaleciendo nuestra asociaci\u00f3n y nuestra alianza&#8221;, dijo.<\/p>\n<p>La ministra de Defensa de Alemania, Annegret Kramp-Karrenbauer, acogi\u00f3 con satisfacci\u00f3n el anuncio de 500<strong>\u00a0<\/strong>soldados estadounidenses\u00a0adicionales<strong>\u00a0estacionados en Alemania<\/strong>\u00a0como &#8220;buenas noticias&#8221; y dijo que el compromiso de Estados Unidos con la OTAN es &#8220;un pilar crucial para nuestra libertad y paz&#8221;.<\/p>\n<p>&#8220;Nuestra cooperaci\u00f3n es a\u00fan m\u00e1s importante, importante en tiempos en los que la arquitectura de seguridad y defensa ha estado bajo presi\u00f3n en muchas partes del mundo&#8221;, dijo al comparecer junto a Austin el martes.<\/p>\n<p>Austin continuar\u00e1 en su primer viaje a Europa como secretario de Defensa esta semana, uni\u00e9ndose al secretario de Estado estadounidense Tony Blinken en Bruselas para reunirse con los aliados de la OTAN.<\/p>\n<p>Blinken reiter\u00f3 el martes que &#8220;Estados Unidos respalda firmemente la soberan\u00eda y la integridad territorial de Ucrania&#8221; durante una reuni\u00f3n con el ministro de Relaciones Exteriores de Ucrania, Dmytro Kuleba, en Bruselas.<\/p>\n<p>El m\u00e1ximo diplom\u00e1tico estadounidense dijo que el apoyo era particularmente importante a la luz de que<strong>\u00a0<\/strong>Rusia tom\u00f3 &#8220;acciones muy provocativas cuando se trata de Ucrania&#8221;.<\/p>\n<p>&#8220;Ahora estamos viendo la\u00a0<strong>mayor concentraci\u00f3n de fuerzas rusas en la frontera de Ucrania<\/strong>\u00a0desde 2014 y eso es motivo de profunda preocupaci\u00f3n no solo para Ucrania, sino tambi\u00e9n para Estados Unidos y, de hecho, para muchos de nuestros aliados y socios&#8221;, dijo Blinken, y agreg\u00f3 que &#8216; Consultar\u00e9 con los socios de la OTAN en los pr\u00f3ximos d\u00edas.<\/p>\n<p>Kuleba expres\u00f3 su agradecimiento por el apoyo de Estados Unidos y expres\u00f3 su optimismo de que la comunidad internacional tomar\u00eda &#8220;acciones que dejar\u00e1n muy claro para Rusia que el precio de su mayor agresi\u00f3n contra Ucrania ser\u00e1 demasiado alto para que pueda soportarlo&#8221;.<\/p>\n<p>El comandante europeo estadounidense, general Tod Wolters, dijo al Congreso que Rusia tiene una &#8220;inyecci\u00f3n de una fuerza de dominio terrestre muy considerable&#8221; cerca de la frontera con Ucrania, as\u00ed como una &#8220;inyecci\u00f3n notable de fuerza a\u00e9rea y una inyecci\u00f3n de fuerza mar\u00edtima notable&#8221;.<\/p>\n<p>&#8220;Es del tama\u00f1o, la escala y el alcance lo que es motivo de gran preocupaci\u00f3n&#8221;, dijo el martes durante una audiencia en el Senado, y agreg\u00f3 que la fuerza rusa hoy refleja la de su infiltraci\u00f3n de 2014.<\/p>\n<p>Austin planea reunirse con el secretario general de la OTAN, Jens Stoltenberg, sobre &#8220;c\u00f3mo la Alianza est\u00e1 abordando el comportamiento desestabilizador de Rusia, una China en ascenso, el terrorismo y desaf\u00edos globales como el COVID-19 y el cambio clim\u00e1tico&#8221;, seg\u00fan el Pent\u00e1gono.<\/p>\n<p>La administraci\u00f3n Trump anunci\u00f3 el a\u00f1o pasado que\u00a0retirar\u00eda casi 12.000 soldados de Alemania\u00a0en un plan que habr\u00eda costado miles de millones y llevado a\u00f1os para reubicar a las tropas. La decisi\u00f3n fue recibida con un amplio rechazo bipartidista en medio de preocupaciones de que debilitar\u00e1 la posici\u00f3n del ej\u00e9rcito estadounidense con respecto a Rusia.<\/p>\n<p>En febrero, el\u00a0presidente Joe Biden\u00a0dijo que estaba deteniendo la reducci\u00f3n de tropas, enmarcando su decisi\u00f3n como fundamental para fortalecer las defensas de Europa.\u00a0<strong>Biden tambi\u00e9n expres\u00f3 su apoyo a la OTAN<\/strong>\u00a0y su compromiso del Art\u00edculo 5 con la defensa colectiva, que el expresidente Donald Trump a veces pareci\u00f3 reacio a afirmar durante sus a\u00f1os en el cargo.<\/p>\n<p>Cuando se le pregunt\u00f3 el martes si su anuncio era una indicaci\u00f3n de que no llevar\u00e1 a cabo los planes de la administraci\u00f3n Trump de retirar miles de tropas de Alemania, Austin se\u00f1al\u00f3 el anuncio de Biden en febrero y dijo que enfatiz\u00f3 a Kramp-Karrenbauer que Estados Unidos ha &#8220;dejado de planificar&#8221; una retirada.<\/p>\n","protected":false},"excerpt":{"rendered":"<p>El secretario de Defensa, Lloyd Austin, anunci\u00f3 este martes 13 de abril que el\u00a0ej\u00e9rcito de&#8230;<\/p>\n","protected":false},"author":1,"featured_media":2973,"comment_status":"open","ping_status":"open","sticky":false,"template":"","format":"standard","meta":{"footnotes":""},"categories":[11],"tags":[],"class_list":["post-2972","post","type-post","status-publish","format-standard","has-post-thumbnail","hentry","category-internacional"],"_links":{"self":[{"href":"https:\/\/xn--huracnpolmicocancnquintanaroo-knc6wmu.com\/index.php?rest_route=\/wp\/v2\/posts\/2972","targetHints":{"allow":["GET"]}}],"collection":[{"href":"https:\/\/xn--huracnpolmicocancnquintanaroo-knc6wmu.com\/index.php?rest_route=\/wp\/v2\/posts"}],"about":[{"href":"https:\/\/xn--huracnpolmicocancnquintanaroo-knc6wmu.com\/index.php?rest_route=\/wp\/v2\/types\/post"}],"author":[{"embeddable":true,"href":"https:\/\/xn--huracnpolmicocancnquintanaroo-knc6wmu.com\/index.php?rest_route=\/wp\/v2\/users\/1"}],"replies":[{"embeddable":true,"href":"https:\/\/xn--huracnpolmicocancnquintanaroo-knc6wmu.com\/index.php?rest_route=%2Fwp%2Fv2%2Fcomments&post=2972"}],"version-history":[{"count":1,"href":"https:\/\/xn--huracnpolmicocancnquintanaroo-knc6wmu.com\/index.php?rest_route=\/wp\/v2\/posts\/2972\/revisions"}],"predecessor-version":[{"id":2974,"href":"https:\/\/xn--huracnpolmicocancnquintanaroo-knc6wmu.com\/index.php?rest_route=\/wp\/v2\/posts\/2972\/revisions\/2974"}],"wp:featuredmedia":[{"embeddable":true,"href":"https:\/\/xn--huracnpolmicocancnquintanaroo-knc6wmu.com\/index.php?rest_route=\/wp\/v2\/media\/2973"}],"wp:attachment":[{"href":"https:\/\/xn--huracnpolmicocancnquintanaroo-knc6wmu.com\/index.php?rest_route=%2Fwp%2Fv2%2Fmedia&parent=2972"}],"wp:term":[{"taxonomy":"category","embeddable":true,"href":"https:\/\/xn--huracnpolmicocancnquintanaroo-knc6wmu.com\/index.php?rest_route=%2Fwp%2Fv2%2Fcategories&post=2972"},{"taxonomy":"post_tag","embeddable":true,"href":"https:\/\/xn--huracnpolmicocancnquintanaroo-knc6wmu.com\/index.php?rest_route=%2Fwp%2Fv2%2Ftags&post=2972"}],"curies":[{"name":"wp","href":"https:\/\/api.w.org\/{rel}","templated":true}]}}