{"id":2995,"date":"2021-04-15T11:29:57","date_gmt":"2021-04-15T11:29:57","guid":{"rendered":"https:\/\/xn--huracnpolmicocancnquintanaroo-knc6wmu.com\/?p=2995"},"modified":"2021-04-14T20:35:35","modified_gmt":"2021-04-14T20:35:35","slug":"hoy-no-me-puedo-levantar-listos-para-reanudar-temporada","status":"publish","type":"post","link":"https:\/\/xn--huracnpolmicocancnquintanaroo-knc6wmu.com\/?p=2995","title":{"rendered":"&#8216;Hoy no me puedo levantar&#8217; listos para reanudar temporada"},"content":{"rendered":"<p class=\"letter-capitular\">Tras meses de pausa obligada debido a la pandemia de Covid y el sem\u00e1foro rojo, <strong>Hoy no me puedo levantar se prepara para volver al escenario del Centro Cultural Teatro 2<\/strong>\u00a0con\u00a0<strong>Mar\u00eda Le\u00f3n\u00a0<\/strong>y\u00a0<strong>Yahir\u00a0<\/strong>como protagonistas.<\/p>\n<blockquote><p>Es tan emocionante estar de vuelta en el 33, hace un par de a\u00f1os tuve la oportunidad de entrar a este proyecto y hoy, siendo una Mar\u00eda Le\u00f3n m\u00e1s madura, es un gusto enorme volver a hacer a Mar\u00eda. De ella siempre aprendo cosas nuevas&#8221;, asegur\u00f3 Mar\u00eda Le\u00f3n, quien interpreta a Mar\u00eda en la obra.<\/p><\/blockquote>\n<div class=\"teads-inread sm-screen\">\n<div id=\"teads0\" class=\"teads-player\"><img loading=\"lazy\" decoding=\"async\" class=\"media-element file-style-embed-nota\" title=\"\" src=\"https:\/\/cdn2.excelsior.com.mx\/media\/styles\/imagen-embed-nota\/public\/inside-the-note\/pictures\/2021\/04\/14\/a3101b64-a9f6-4735-8150-144aca363e8e.jpeg\" alt=\"\" width=\"480\" height=\"359\" data-delta=\"1\" \/><\/div>\n<\/div>\n<p>Al elenco de &#8216;chamarra roja&#8217; se unen<strong>\u00a0Alma Cero\u00a0<\/strong>y<strong>\u00a0Jorge D&#8217;alessio. Rogelio Su\u00e1rez<\/strong>\u00a0participa por quinta vez en esta producci\u00f3n y asegura que es &#8216;el personaje m\u00e1s importante de su carrera&#8217;.<\/p>\n<blockquote><p>Estar aqu\u00ed me nutre much\u00edsimo, aunque sean los mismos papeles cada actor le da su toque y me deja una ense\u00f1anza. Mientras pueda seguir haciendo shakas, yo feliz&#8221;.<\/p><\/blockquote>\n<p>La obra, que\u00a0<strong>se estren\u00f3 hace 15 a\u00f1os en Espa\u00f1a<\/strong>\u00a0y<strong>\u00a0cuenta con los \u00e9xitos de Mecano<\/strong>, narra la historia de un par de amigos que se trasladan a la capital para cumplir sus sue\u00f1os: ser famosos.\u00a0 En este camino conocer\u00e1n a personas importantes y aprender\u00e1n lecciones dolorosas que los har\u00e1n crecer como personas.<\/p>\n<p>Durante la conferencia de prensa\u00a0<strong>Alma Cero<\/strong>\u00a0se quebr\u00f3 al tomar el micr\u00f3fono y asegur\u00f3 que es muy emotivo subirse a un escenario en tiempos tan complicados y agradeci\u00f3 a los medios y a las personas por &#8220;no dejar morir al teatro&#8221;.<\/p>\n<blockquote><p>Gracias a los que compran su boleto, a los que van a ver a su artista favorito, a los medios que nos dan voz, todos ustedes est\u00e1n logrando que el teatro reviva&#8221;, asegur\u00f3.<\/p><\/blockquote>\n<p>Tanto el elenco como el staff se somete cada semana a una prueba Covid y el teatro diario es desinfectado con los mejores sanitizantes.<\/p>\n<blockquote><p>Queremos que la gente sepa que est\u00e1 llegando a un lugar seguro&#8221;.<\/p><\/blockquote>\n<p>El musical ver\u00e1 la luz\u00a0<strong>del 16 de abril al 23 de mayo<\/strong>.\u00a0\u00a0<strong>Ofrecer\u00e1 funciones en vivo y en streaming<\/strong>. AQU\u00cd puedes checar los horarios.<\/p>\n","protected":false},"excerpt":{"rendered":"<p>Tras meses de pausa obligada debido a la pandemia de Covid y el sem\u00e1foro rojo,&#8230;<\/p>\n","protected":false},"author":1,"featured_media":2996,"comment_status":"open","ping_status":"open","sticky":false,"template":"","format":"standard","meta":{"footnotes":""},"categories":[9],"tags":[],"class_list":["post-2995","post","type-post","status-publish","format-standard","has-post-thumbnail","hentry","category-espectaculos"],"_links":{"self":[{"href":"https:\/\/xn--huracnpolmicocancnquintanaroo-knc6wmu.com\/index.php?rest_route=\/wp\/v2\/posts\/2995","targetHints":{"allow":["GET"]}}],"collection":[{"href":"https:\/\/xn--huracnpolmicocancnquintanaroo-knc6wmu.com\/index.php?rest_route=\/wp\/v2\/posts"}],"about":[{"href":"https:\/\/xn--huracnpolmicocancnquintanaroo-knc6wmu.com\/index.php?rest_route=\/wp\/v2\/types\/post"}],"author":[{"embeddable":true,"href":"https:\/\/xn--huracnpolmicocancnquintanaroo-knc6wmu.com\/index.php?rest_route=\/wp\/v2\/users\/1"}],"replies":[{"embeddable":true,"href":"https:\/\/xn--huracnpolmicocancnquintanaroo-knc6wmu.com\/index.php?rest_route=%2Fwp%2Fv2%2Fcomments&post=2995"}],"version-history":[{"count":2,"href":"https:\/\/xn--huracnpolmicocancnquintanaroo-knc6wmu.com\/index.php?rest_route=\/wp\/v2\/posts\/2995\/revisions"}],"predecessor-version":[{"id":2998,"href":"https:\/\/xn--huracnpolmicocancnquintanaroo-knc6wmu.com\/index.php?rest_route=\/wp\/v2\/posts\/2995\/revisions\/2998"}],"wp:featuredmedia":[{"embeddable":true,"href":"https:\/\/xn--huracnpolmicocancnquintanaroo-knc6wmu.com\/index.php?rest_route=\/wp\/v2\/media\/2996"}],"wp:attachment":[{"href":"https:\/\/xn--huracnpolmicocancnquintanaroo-knc6wmu.com\/index.php?rest_route=%2Fwp%2Fv2%2Fmedia&parent=2995"}],"wp:term":[{"taxonomy":"category","embeddable":true,"href":"https:\/\/xn--huracnpolmicocancnquintanaroo-knc6wmu.com\/index.php?rest_route=%2Fwp%2Fv2%2Fcategories&post=2995"},{"taxonomy":"post_tag","embeddable":true,"href":"https:\/\/xn--huracnpolmicocancnquintanaroo-knc6wmu.com\/index.php?rest_route=%2Fwp%2Fv2%2Ftags&post=2995"}],"curies":[{"name":"wp","href":"https:\/\/api.w.org\/{rel}","templated":true}]}}