{"id":3020,"date":"2021-04-17T11:05:48","date_gmt":"2021-04-17T11:05:48","guid":{"rendered":"https:\/\/xn--huracnpolmicocancnquintanaroo-knc6wmu.com\/?p=3020"},"modified":"2021-04-17T05:08:41","modified_gmt":"2021-04-17T05:08:41","slug":"italia-anuncia-la-reapertura-de-escuelas","status":"publish","type":"post","link":"https:\/\/xn--huracnpolmicocancnquintanaroo-knc6wmu.com\/?p=3020","title":{"rendered":"Italia anuncia la reapertura de escuelas"},"content":{"rendered":"<div class=\"zox-post-bot-wrap\">\n<div class=\"zox-post-img-wrap\">\n<div class=\"zox-post-img left zoxrel zoxlh0\">Italia comenzar\u00e1 con la reapertura de restaurantes y escuelas a partir del lunes 26 de abril de 2021, inform\u00f3 el jefe de gobierno, Mario Draghi.<\/div>\n<\/div>\n<\/div>\n<div class=\"zox-post-body-wrap left zoxrel\">\n<div class=\"zox-post-body left zoxrel zox100\">\n<div class=\"afw afw_custom  afw_ad afwadid-267205  \" data-ad-id=\"267205\">\n<div id=\"div-gpt-ad-1571779814198-0\" data-google-query-id=\"CIHa7_rAhPACFUsE0AQdFDINUA\">\n<div id=\"google_ads_iframe_\/121287434\/web750_0__container__\">Seg\u00fan Draghi el futuro del pa\u00eds se ve con optimismo y es que el funcionario indic\u00f3 que el gobierno va a tomarse \u201cun riesgo calculado\u201d al decidir las reaperturas para reactivar la econom\u00eda.<\/div>\n<\/div>\n<\/div>\n<p>\u201cSe dar\u00e1 prioridad a las actividades al aire libre\u201d, dijo Draghi, durante una rueda de prensa.<\/p>\n<p>Asimismo, anunci\u00f3 que la apertura de las escuelas de forma presencial en zonas amarillas y naranjas.<\/p>\n<p>\u201cLa probabilidad de que nos veamos obligados a retroceder es muy baja si se respetan las reglas\u201d, estim\u00f3 Draghi, interrogado sobre la posible anulaci\u00f3n de esas aperturas.<\/p>\n<p>Cabe mencionar que el funcionario inform\u00f3 que ser\u00e1 posible viajar entre dos regiones clasificadas como \u201camarillo\u201d, algo prohibido hasta ahora.<\/p>\n<\/div>\n<\/div>\n","protected":false},"excerpt":{"rendered":"<p>Italia comenzar\u00e1 con la reapertura de restaurantes y escuelas a partir del lunes 26 de&#8230;<\/p>\n","protected":false},"author":1,"featured_media":3021,"comment_status":"open","ping_status":"open","sticky":false,"template":"","format":"standard","meta":{"footnotes":""},"categories":[11],"tags":[],"class_list":["post-3020","post","type-post","status-publish","format-standard","has-post-thumbnail","hentry","category-internacional"],"_links":{"self":[{"href":"https:\/\/xn--huracnpolmicocancnquintanaroo-knc6wmu.com\/index.php?rest_route=\/wp\/v2\/posts\/3020","targetHints":{"allow":["GET"]}}],"collection":[{"href":"https:\/\/xn--huracnpolmicocancnquintanaroo-knc6wmu.com\/index.php?rest_route=\/wp\/v2\/posts"}],"about":[{"href":"https:\/\/xn--huracnpolmicocancnquintanaroo-knc6wmu.com\/index.php?rest_route=\/wp\/v2\/types\/post"}],"author":[{"embeddable":true,"href":"https:\/\/xn--huracnpolmicocancnquintanaroo-knc6wmu.com\/index.php?rest_route=\/wp\/v2\/users\/1"}],"replies":[{"embeddable":true,"href":"https:\/\/xn--huracnpolmicocancnquintanaroo-knc6wmu.com\/index.php?rest_route=%2Fwp%2Fv2%2Fcomments&post=3020"}],"version-history":[{"count":1,"href":"https:\/\/xn--huracnpolmicocancnquintanaroo-knc6wmu.com\/index.php?rest_route=\/wp\/v2\/posts\/3020\/revisions"}],"predecessor-version":[{"id":3022,"href":"https:\/\/xn--huracnpolmicocancnquintanaroo-knc6wmu.com\/index.php?rest_route=\/wp\/v2\/posts\/3020\/revisions\/3022"}],"wp:featuredmedia":[{"embeddable":true,"href":"https:\/\/xn--huracnpolmicocancnquintanaroo-knc6wmu.com\/index.php?rest_route=\/wp\/v2\/media\/3021"}],"wp:attachment":[{"href":"https:\/\/xn--huracnpolmicocancnquintanaroo-knc6wmu.com\/index.php?rest_route=%2Fwp%2Fv2%2Fmedia&parent=3020"}],"wp:term":[{"taxonomy":"category","embeddable":true,"href":"https:\/\/xn--huracnpolmicocancnquintanaroo-knc6wmu.com\/index.php?rest_route=%2Fwp%2Fv2%2Fcategories&post=3020"},{"taxonomy":"post_tag","embeddable":true,"href":"https:\/\/xn--huracnpolmicocancnquintanaroo-knc6wmu.com\/index.php?rest_route=%2Fwp%2Fv2%2Ftags&post=3020"}],"curies":[{"name":"wp","href":"https:\/\/api.w.org\/{rel}","templated":true}]}}