{"id":3023,"date":"2021-04-17T11:10:18","date_gmt":"2021-04-17T11:10:18","guid":{"rendered":"https:\/\/xn--huracnpolmicocancnquintanaroo-knc6wmu.com\/?p=3023"},"modified":"2021-04-17T05:14:19","modified_gmt":"2021-04-17T05:14:19","slug":"rafa-marquez-vuelve-al-fc-barcelona","status":"publish","type":"post","link":"https:\/\/xn--huracnpolmicocancnquintanaroo-knc6wmu.com\/?p=3023","title":{"rendered":"Rafa M\u00e1rquez vuelve al FC Barcelona"},"content":{"rendered":"<p>Rafa M\u00e1rquez vuelve al FC Barcelona.- De acuerdo a un reporte, el ex defensa mexicano fue contactado por Joan Laporta para volver al club como entrenador de juveniles<\/p>\n<div class=\"afw afw_custom  afw_ad afwadid-267205  \" data-ad-id=\"267205\">\n<div id=\"div-gpt-ad-1571779814198-0\" data-google-query-id=\"CJHayOzBhPACFSQiwwodQQIB5Q\">\n<div id=\"google_ads_iframe_\/121287434\/web750_0__container__\">Rafa M\u00e1rquez fue contactado por Joan Laporta para regresar como director t\u00e9cnico en el Barcelona, y es que el ex zaguero mexicano fue considerado por el nuevo presidente del club catal\u00e1n para que se integre a La Mas\u00eda y sea parte del crecimiento de las Fuerzas B\u00e1sicas del club espa\u00f1ol.<\/div>\n<\/div>\n<\/div>\n<div class=\"afw afw-ga afw_ad afwadid-267359  \" data-ad-id=\"267359\"><\/div>\n<p>De acuerdo al Diario Sport de Espa\u00f1a, M\u00e1rquez es una de las prioridades de Laporta en la reestructuraci\u00f3n del club, pues ambos tienen una buena relaci\u00f3n, misma que fue clave en las elecciones de presidente, donde el mexicano mostr\u00f3 su apoyo durante la campa\u00f1a.<\/p>\n<p>A la par del michoacano, tambi\u00e9n est\u00e1 contemplado Sergi Barjuan, quien es otro de los elementos claves para la nueva directiva en la formaci\u00f3n de los m\u00e1s j\u00f3venes en La Mas\u00eda, y es que apelan al talento de ambos para poder formar un nuevo proyecto exitoso.<\/p>\n<p>Incluso, Rafa M\u00e1rquez ya tuvo sus primeras experiencias como director t\u00e9cnico en Europa luego que fue timonel de la categor\u00eda cadete del RSD Alcal\u00e1 de Espa\u00f1a, cargo al que renunci\u00f3 en plenas elecciones de presidente del Barcelona, por lo que las especulaciones aumentaron sobre su regreso.<\/p>\n<p>En tanto, seg\u00fan Sport, la relaci\u00f3n de Sergi ser\u00eda un enlace entre el Barca B y el primer equipo que dirige Ronald Koeman, por lo que ser\u00eda una pieza fundamental para saber qu\u00e9 juveniles cuentan con el nivel deseado para competir en LaLiga.<\/p>\n<p>Seg\u00fan el reglamento del club espa\u00f1ol, las incorporaciones de Rafa M\u00e1rquez y Sergi, que est\u00e1n muy cerca de concretarse de acuerdo al reporte, deben ser revisadas por Jos\u00e9 Ram\u00f3n Alexanco, director de cantera, as\u00ed como por Joan Soler, director de futbol base, adem\u00e1s de Mateu Alemany.<\/p>\n<p>Rafa M\u00e1rquez estuvo siete a\u00f1os en el Barcelona donde gan\u00f3 todo y fue parte del sextete que el club obtuvo en la temporada 2008-09.<\/p>\n<div class=\"afw afw-ga afw_ad afwadid-267359  \" data-ad-id=\"267359\"><\/div>\n","protected":false},"excerpt":{"rendered":"<p>Rafa M\u00e1rquez vuelve al FC Barcelona.- De acuerdo a un reporte, el ex defensa mexicano&#8230;<\/p>\n","protected":false},"author":1,"featured_media":3024,"comment_status":"open","ping_status":"open","sticky":false,"template":"","format":"standard","meta":{"footnotes":""},"categories":[6],"tags":[],"class_list":["post-3023","post","type-post","status-publish","format-standard","has-post-thumbnail","hentry","category-deportes"],"_links":{"self":[{"href":"https:\/\/xn--huracnpolmicocancnquintanaroo-knc6wmu.com\/index.php?rest_route=\/wp\/v2\/posts\/3023","targetHints":{"allow":["GET"]}}],"collection":[{"href":"https:\/\/xn--huracnpolmicocancnquintanaroo-knc6wmu.com\/index.php?rest_route=\/wp\/v2\/posts"}],"about":[{"href":"https:\/\/xn--huracnpolmicocancnquintanaroo-knc6wmu.com\/index.php?rest_route=\/wp\/v2\/types\/post"}],"author":[{"embeddable":true,"href":"https:\/\/xn--huracnpolmicocancnquintanaroo-knc6wmu.com\/index.php?rest_route=\/wp\/v2\/users\/1"}],"replies":[{"embeddable":true,"href":"https:\/\/xn--huracnpolmicocancnquintanaroo-knc6wmu.com\/index.php?rest_route=%2Fwp%2Fv2%2Fcomments&post=3023"}],"version-history":[{"count":1,"href":"https:\/\/xn--huracnpolmicocancnquintanaroo-knc6wmu.com\/index.php?rest_route=\/wp\/v2\/posts\/3023\/revisions"}],"predecessor-version":[{"id":3025,"href":"https:\/\/xn--huracnpolmicocancnquintanaroo-knc6wmu.com\/index.php?rest_route=\/wp\/v2\/posts\/3023\/revisions\/3025"}],"wp:featuredmedia":[{"embeddable":true,"href":"https:\/\/xn--huracnpolmicocancnquintanaroo-knc6wmu.com\/index.php?rest_route=\/wp\/v2\/media\/3024"}],"wp:attachment":[{"href":"https:\/\/xn--huracnpolmicocancnquintanaroo-knc6wmu.com\/index.php?rest_route=%2Fwp%2Fv2%2Fmedia&parent=3023"}],"wp:term":[{"taxonomy":"category","embeddable":true,"href":"https:\/\/xn--huracnpolmicocancnquintanaroo-knc6wmu.com\/index.php?rest_route=%2Fwp%2Fv2%2Fcategories&post=3023"},{"taxonomy":"post_tag","embeddable":true,"href":"https:\/\/xn--huracnpolmicocancnquintanaroo-knc6wmu.com\/index.php?rest_route=%2Fwp%2Fv2%2Ftags&post=3023"}],"curies":[{"name":"wp","href":"https:\/\/api.w.org\/{rel}","templated":true}]}}