{"id":3077,"date":"2021-04-21T11:39:23","date_gmt":"2021-04-21T11:39:23","guid":{"rendered":"https:\/\/xn--huracnpolmicocancnquintanaroo-knc6wmu.com\/?p=3077"},"modified":"2021-04-21T03:43:32","modified_gmt":"2021-04-21T03:43:32","slug":"quintana-roo-muestra-tendencia-al-alza-en-contagios-de-covid-19-lopez-gatell","status":"publish","type":"post","link":"https:\/\/xn--huracnpolmicocancnquintanaroo-knc6wmu.com\/?p=3077","title":{"rendered":"Quintana Roo muestra tendencia al alza en contagios de covid-19: L\u00f3pez Gatell"},"content":{"rendered":"<p>En vez de reducirse los contagios de covid-19, en Quintana Roo, la entidad muestra una tendencia al alza, junto a otras nueve entidades refieren autoridades federales.<\/p>\n<div class=\"afw afw_custom  afw_ad afwadid-267205  \" data-ad-id=\"267205\">\n<div id=\"div-gpt-ad-1571779814198-0\" data-google-query-id=\"CLSAuba1jvACFdIA0AQda2cBBA\">\n<div id=\"google_ads_iframe_\/121287434\/web750_0__container__\">Aunque a lo largo de 11 semanas, M\u00e9xico, hab\u00eda reportado una tendencia de contagios de covid-19, a la baja, lo cierto es que ahora tiene un 4 por ciento de incremento, que tambi\u00e9n se adjudica a diez entidades del pa\u00eds.<\/div>\n<\/div>\n<\/div>\n<p>Baja California Sur, Chihuahua, CDMX, Colima, Durango, Estado de M\u00e9xico, Morelos, Nayarit, Quintana Roo y Tlaxcala, muestran una situaci\u00f3n cambiante.<\/p>\n<p>Pues ya no van a la baja en los contagios, por el contrario, est\u00e1n aumentando, se\u00f1al\u00f3 Hugo L\u00f3pez-Gatell Ram\u00edrez, subsecretarito de Prevenci\u00f3n y Promoci\u00f3n a la Salud.<\/p>\n<div id=\"attachment_276595\" class=\"wp-caption aligncenter\"><img loading=\"lazy\" decoding=\"async\" class=\"wp-image-276595 size-full\" src=\"https:\/\/turquesanews.mx\/wp-content\/uploads\/2021\/04\/Covid-Q-Roo-Gatell.jpg\" sizes=\"auto, (max-width: 1200px) 100vw, 1200px\" srcset=\"https:\/\/turquesanews.mx\/wp-content\/uploads\/2021\/04\/Covid-Q-Roo-Gatell.jpg 1200w, https:\/\/turquesanews.mx\/wp-content\/uploads\/2021\/04\/Covid-Q-Roo-Gatell-300x185.jpg 300w, https:\/\/turquesanews.mx\/wp-content\/uploads\/2021\/04\/Covid-Q-Roo-Gatell-768x474.jpg 768w\" alt=\"Quintana Roo muestra tendencia al alza en contagios de covid-19: L\u00f3pez Gatell\" width=\"1200\" height=\"740\" aria-describedby=\"caption-attachment-276595\" \/><\/p>\n<p id=\"caption-attachment-276595\" class=\"wp-caption-text\">Quintana Roo muestra tendencia al alza en contagios de covid-19: L\u00f3pez Gatell<\/p>\n<\/div>\n<p>Luis Alomia Zegarra, refiri\u00f3 que Quintana Roo tiene 2 semanas en ascenso, y el comportamiento de la semana 14 incluso podr\u00eda terminar en niveles superiores a los de las \u00faltimas 2 o 3 semanas de diciembre.<\/p>\n<p>Raz\u00f3n por la cual hay que tener cuidado, pues la actividad epid\u00e9mica pudiera reactivarse.<\/p>\n","protected":false},"excerpt":{"rendered":"<p>En vez de reducirse los contagios de covid-19, en Quintana Roo, la entidad muestra una&#8230;<\/p>\n","protected":false},"author":1,"featured_media":3078,"comment_status":"open","ping_status":"open","sticky":false,"template":"","format":"standard","meta":{"footnotes":""},"categories":[2],"tags":[],"class_list":["post-3077","post","type-post","status-publish","format-standard","has-post-thumbnail","hentry","category-local"],"_links":{"self":[{"href":"https:\/\/xn--huracnpolmicocancnquintanaroo-knc6wmu.com\/index.php?rest_route=\/wp\/v2\/posts\/3077","targetHints":{"allow":["GET"]}}],"collection":[{"href":"https:\/\/xn--huracnpolmicocancnquintanaroo-knc6wmu.com\/index.php?rest_route=\/wp\/v2\/posts"}],"about":[{"href":"https:\/\/xn--huracnpolmicocancnquintanaroo-knc6wmu.com\/index.php?rest_route=\/wp\/v2\/types\/post"}],"author":[{"embeddable":true,"href":"https:\/\/xn--huracnpolmicocancnquintanaroo-knc6wmu.com\/index.php?rest_route=\/wp\/v2\/users\/1"}],"replies":[{"embeddable":true,"href":"https:\/\/xn--huracnpolmicocancnquintanaroo-knc6wmu.com\/index.php?rest_route=%2Fwp%2Fv2%2Fcomments&post=3077"}],"version-history":[{"count":1,"href":"https:\/\/xn--huracnpolmicocancnquintanaroo-knc6wmu.com\/index.php?rest_route=\/wp\/v2\/posts\/3077\/revisions"}],"predecessor-version":[{"id":3079,"href":"https:\/\/xn--huracnpolmicocancnquintanaroo-knc6wmu.com\/index.php?rest_route=\/wp\/v2\/posts\/3077\/revisions\/3079"}],"wp:featuredmedia":[{"embeddable":true,"href":"https:\/\/xn--huracnpolmicocancnquintanaroo-knc6wmu.com\/index.php?rest_route=\/wp\/v2\/media\/3078"}],"wp:attachment":[{"href":"https:\/\/xn--huracnpolmicocancnquintanaroo-knc6wmu.com\/index.php?rest_route=%2Fwp%2Fv2%2Fmedia&parent=3077"}],"wp:term":[{"taxonomy":"category","embeddable":true,"href":"https:\/\/xn--huracnpolmicocancnquintanaroo-knc6wmu.com\/index.php?rest_route=%2Fwp%2Fv2%2Fcategories&post=3077"},{"taxonomy":"post_tag","embeddable":true,"href":"https:\/\/xn--huracnpolmicocancnquintanaroo-knc6wmu.com\/index.php?rest_route=%2Fwp%2Fv2%2Ftags&post=3077"}],"curies":[{"name":"wp","href":"https:\/\/api.w.org\/{rel}","templated":true}]}}