{"id":3107,"date":"2021-04-23T11:03:37","date_gmt":"2021-04-23T11:03:37","guid":{"rendered":"https:\/\/xn--huracnpolmicocancnquintanaroo-knc6wmu.com\/?p=3107"},"modified":"2021-04-23T06:06:34","modified_gmt":"2021-04-23T06:06:34","slug":"ojo-qroo-muy-cerca-de-volver-al-semaforo-naranja","status":"publish","type":"post","link":"https:\/\/xn--huracnpolmicocancnquintanaroo-knc6wmu.com\/?p=3107","title":{"rendered":"\u00a1Ojo! QRoo, muy cerca de volver al sem\u00e1foro naranja"},"content":{"rendered":"<p><strong>Canc\u00fan.-<\/strong>\u00a0Al dar a conocer la actualizaci\u00f3n del\u00a0<strong>Sem\u00e1foro Epidemiol\u00f3gico Estatal<\/strong>, el gobernador Carlos Joaqu\u00edn advirti\u00f3 que Quintana Roo hoy est\u00e1 muy cerca de\u00a0<strong>regresar al color naranja<\/strong>, por lo que exhort\u00f3 a no bajar los brazos, a no relajarnos y a seguir con mayor responsabilidad el cumplimiento de los<strong>\u00a0h\u00e1bitos, protocolos y medidas preventivas.<\/strong><\/p>\n<p>El gobernador de Quintana Roo explic\u00f3 que de seguir con el incremento registrado en las tasas de contagio y no tomar acciones contundentes para su control, lo m\u00e1s probable es que la pr\u00f3xima semana se est\u00e9 anunciando el retorno al color naranja.<\/p>\n<p>En un mensaje dirigido a la poblaci\u00f3n, el gobernador Carlos Joaqu\u00edn expres\u00f3 que debemos evitar, a toda costa,<strong>\u00a0regresar al color naranja<\/strong>, que nos pondr\u00eda de nuevo en un predicamento en materia de desarrollo econ\u00f3mico.<\/p>\n<p>En la regi\u00f3n norte se ha registrado una tasa de contagio de 1.12 y en la zona sur lleg\u00f3 a 1.5, una de las m\u00e1s altas que se tienen desde que estamos en color amarillo y que nos acercan a mil\u00e9simas del color naranja, cuando hasta hace unas semanas ya se pensaba en llegar al verde.<\/p>\n<p>Con base en estas tendencias, que marcan un rumbo diferente al que se ten\u00eda en semanas anteriores, el titular del Ejecutivo expres\u00f3 que para la semana del 26 de abril al 2 de mayo Quintana Roo se mantiene en color amarillo, tanto en el norte como en el sur, pero advirti\u00f3 que importante atender los diferentes casos que tenemos en los municipios de estado y avanzar en la vacunaci\u00f3n.<\/p>\n<p>Durante el programa Conexi\u00f3n Ciudadana, en la que el gobernador Carlos Joaqu\u00edn particip\u00f3 en una mesa de an\u00e1lisis con los distintos sectores del turismo y el comercio en la entidad, el Ejecutivo dio a conocer las gr\u00e1ficas de cada uno de los municipios, cuyo comportamiento durante la \u00faltima semana fue el siguiente:<\/p>\n<p>Isla Mujeres, Puerto Morelos y Jos\u00e9 Mar\u00eda Morelos tuvieron una disminuci\u00f3n del 100%; Cozumel baj\u00f3 un 64%; Tulum lo hizo en un 55%; Bacalar disminuy\u00f3 un 46%.<\/p>\n<p>Felipe Carrillo Puerto registr\u00f3 un incremento del 18%; L\u00e1zaro C\u00e1rdenas un 49%; Benito Ju\u00e1rez, que marca en mucho la tendencia de la regi\u00f3n norte, aument\u00f3 el 65%; Solidaridad aument\u00f3 un 149% que es de alto riesgo para la zona, como consecuencia del relajamiento de las medidas preventivas.<\/p>\n<p>Oth\u00f3n P. Blanco, que refleja lo que ocurre en la regi\u00f3n sur de Quintana Roo, registr\u00f3 un incremento del 200%, una curva totalmente ascendente, en donde el mayor n\u00famero de casos activos est\u00e1n en las colonias de Chetumal.<\/p>\n<p><img loading=\"lazy\" decoding=\"async\" class=\"alignnone size-full wp-image-132474\" src=\"https:\/\/www.24horasqroo.mx\/wp-content\/uploads\/2021\/04\/EzoD0qSWEAMxZdX.jpg\" alt=\"\" width=\"916\" height=\"1624\" \/>\u00a0<img loading=\"lazy\" decoding=\"async\" class=\"alignnone size-medium wp-image-132475\" src=\"https:\/\/www.24horasqroo.mx\/wp-content\/uploads\/2021\/04\/EzoD0qUXIAEvmkS.jpg\" alt=\"\" width=\"168\" height=\"300\" \/><\/p>\n<p>Este es el mensaje del gobernador Carlos Joaqu\u00edn:<\/p>\n<p>Amigas y amigos:<\/p>\n<p>De nuevo pedirles e invitarles a que nos cuidemos, nos cuidemos a si\u0301 mismos, cuidemos a nuestras familias, cuidemos nuestra comunidad, no bajemos los brazos, estamos de nuevo muy cerca del color naranja en nuestro sem\u00e1foro estatal que debemos de cuidar y evitar a toda costa el llegar al color naranja, que nos pondr\u00eda de nuevo en un predicamento en materia de desarrollo econ\u00f3mico.<\/p>\n<p>Por eso es muy importante no relajarse, no bajar los brazos, sino por el contrario, el buen uso de los h\u00e1bitos, el ponerse y usar de manera continua el cubrebocas, lavarse frecuentemente las manos, mantener la distancia suficiente entre las personas, evitar ir a lugares con aglomeraci\u00f3n.<\/p>\n<p>Es muy importante que mantengamos estas medidas, que mantengamos esa responsabilidad, que nuestros negocios, los negocios como aqu\u00ed\u0301 lo hemos visto el d\u00eda de hoy, con el compromiso, de nuevo, de los representantes del sector empresarial, para llevar a cabo el uso y correcto manejo de los protocolos preventivos de Covid-19 en los diferentes negocios, en las empresas y cuidar as\u00ed\u0301 a los colaboradores, trabajadores y, por supuesto, a las familias de las y los quintanarroenses, as\u00ed como de nuestros visitantes y turistas.<\/p>\n<p>Es muy importante que mantengamos este buen paso y que todos tomemos esta responsabilidad, pensando muy claramente que hemos cambiado y nos vamos ahora hacia arriba, hacia el color naranja, ya no hacia el color verde, y todav\u00eda debemos de trabajar muy fuerte en regresar de nuevo a curvas descendentes.<\/p>\n<p>Ojala\u0301 que todos tengan esta oportunidad de cuidarse a s\u00ed mismos y cuidar a su comunidad.<\/p>\n<p>Muchas gracias, buenas noches.<\/p>\n","protected":false},"excerpt":{"rendered":"<p>Canc\u00fan.-\u00a0Al dar a conocer la actualizaci\u00f3n del\u00a0Sem\u00e1foro Epidemiol\u00f3gico Estatal, el gobernador Carlos Joaqu\u00edn advirti\u00f3 que&#8230;<\/p>\n","protected":false},"author":1,"featured_media":3108,"comment_status":"open","ping_status":"open","sticky":false,"template":"","format":"standard","meta":{"footnotes":""},"categories":[2],"tags":[],"class_list":["post-3107","post","type-post","status-publish","format-standard","has-post-thumbnail","hentry","category-local"],"_links":{"self":[{"href":"https:\/\/xn--huracnpolmicocancnquintanaroo-knc6wmu.com\/index.php?rest_route=\/wp\/v2\/posts\/3107","targetHints":{"allow":["GET"]}}],"collection":[{"href":"https:\/\/xn--huracnpolmicocancnquintanaroo-knc6wmu.com\/index.php?rest_route=\/wp\/v2\/posts"}],"about":[{"href":"https:\/\/xn--huracnpolmicocancnquintanaroo-knc6wmu.com\/index.php?rest_route=\/wp\/v2\/types\/post"}],"author":[{"embeddable":true,"href":"https:\/\/xn--huracnpolmicocancnquintanaroo-knc6wmu.com\/index.php?rest_route=\/wp\/v2\/users\/1"}],"replies":[{"embeddable":true,"href":"https:\/\/xn--huracnpolmicocancnquintanaroo-knc6wmu.com\/index.php?rest_route=%2Fwp%2Fv2%2Fcomments&post=3107"}],"version-history":[{"count":1,"href":"https:\/\/xn--huracnpolmicocancnquintanaroo-knc6wmu.com\/index.php?rest_route=\/wp\/v2\/posts\/3107\/revisions"}],"predecessor-version":[{"id":3109,"href":"https:\/\/xn--huracnpolmicocancnquintanaroo-knc6wmu.com\/index.php?rest_route=\/wp\/v2\/posts\/3107\/revisions\/3109"}],"wp:featuredmedia":[{"embeddable":true,"href":"https:\/\/xn--huracnpolmicocancnquintanaroo-knc6wmu.com\/index.php?rest_route=\/wp\/v2\/media\/3108"}],"wp:attachment":[{"href":"https:\/\/xn--huracnpolmicocancnquintanaroo-knc6wmu.com\/index.php?rest_route=%2Fwp%2Fv2%2Fmedia&parent=3107"}],"wp:term":[{"taxonomy":"category","embeddable":true,"href":"https:\/\/xn--huracnpolmicocancnquintanaroo-knc6wmu.com\/index.php?rest_route=%2Fwp%2Fv2%2Fcategories&post=3107"},{"taxonomy":"post_tag","embeddable":true,"href":"https:\/\/xn--huracnpolmicocancnquintanaroo-knc6wmu.com\/index.php?rest_route=%2Fwp%2Fv2%2Ftags&post=3107"}],"curies":[{"name":"wp","href":"https:\/\/api.w.org\/{rel}","templated":true}]}}