{"id":3113,"date":"2021-04-23T11:19:21","date_gmt":"2021-04-23T11:19:21","guid":{"rendered":"https:\/\/xn--huracnpolmicocancnquintanaroo-knc6wmu.com\/?p=3113"},"modified":"2021-04-23T06:22:28","modified_gmt":"2021-04-23T06:22:28","slug":"greta-thunberg-acusa-a-los-politicos-por-ignorar-la-crisis-climatica","status":"publish","type":"post","link":"https:\/\/xn--huracnpolmicocancnquintanaroo-knc6wmu.com\/?p=3113","title":{"rendered":"Greta Thunberg acusa a los pol\u00edticos por ignorar la crisis clim\u00e1tica"},"content":{"rendered":"<p>La activista medioambiental\u00a0<strong>Greta Thunberg<\/strong>\u00a0 hizo un llamado a los pol\u00edticos\u00a0 ante un panel del Congreso estadounidense el jueves, acus\u00e1ndolos de \u201cignorar\u201d la crisis clim\u00e1tica,\u00a0 donde exigi\u00f3 el\u00a0 fin de los subsidios a los combustibles f\u00f3siles.<\/p>\n<blockquote><p>\u201c\u00bfCu\u00e1nto tiempo creen que pueden seguir ignorando la crisis clim\u00e1tica, el aspecto global de la equidad y las emisiones hist\u00f3ricas sin tener que rendir cuentas?\u201d, dijo la sueca de 18 a\u00f1os al Comit\u00e9 de Reforma y Supervisi\u00f3n de la C\u00e1mara de Representantes en un enlace de video remoto.<\/p><\/blockquote>\n<p>\u201cAhora se salen con la suya, pero tarde o temprano la gente se dar\u00e1 cuenta de lo que han estado haciendo todo este tiempo\u201d, coment\u00f3 Thunberg en el\u00a0<strong>Capitolio<\/strong>, en paralelo a la cumbre que re\u00fane a unos 40 mandatarios liderada por el presidente de\u00a0<strong>Estados Unidos<\/strong>,\u00a0<strong>Joe Biden<\/strong>.<\/p>\n<p>En un discurso acusatorio, Thunberg record\u00f3 a los funcionarios electos que el acuerdo de Par\u00eds sellado en 2015 planea mantener el calentamiento global por debajo de +2\u00b0C, si es posible +1,5\u00b0C, en comparaci\u00f3n con la era preindustrial.<\/p>\n<p>La activista clim\u00e1tica joven m\u00e1s importante del mundo se hab\u00eda dirigido anteriormente a miembros del Congreso, en 2019. Pero los comentarios del jueves coincidieron con la Cumbre del Clima del D\u00eda de la Tierra de Biden, en la que se comprometi\u00f3 con nuevos objetivos agresivos para reducir las emisiones.<\/p>\n<p>Mientras l\u00edderes como el presidente de China, Xi Jinping, Narendra Modi de India y Vladimir Putin de Rusia expresaron compromisos para reducir las emisiones, Thunberg dijo que la acci\u00f3n global a\u00fan estaba muy lejos de donde deber\u00eda estar.<\/p>\n<blockquote><p>\u201cEs el a\u00f1o 2021. Es una verg\u00fcenza el hecho de que sigamos teniendo esta discusi\u00f3n y m\u00e1s a\u00fan de que todav\u00eda estemos subsidiando los combustibles f\u00f3siles usando el dinero de los contribuyentes de manera directa o indirecta\u201d, dijo.<\/p>\n<p>\u201cEs una prueba de que no hemos entendido en absoluto la emergencia clim\u00e1tica\u201d.<\/p><\/blockquote>\n<p>Tambi\u00e9n acus\u00f3 directamente a la generaci\u00f3n actual de pol\u00edticos de \u201cdarse por vencidos sin siquiera intentarlo\u201d.<\/p>\n<blockquote><p>\u201cEstoy aqu\u00ed para decirles que, a diferencia de ustedes, mi generaci\u00f3n no se rendir\u00e1 sin luchar\u201d, les dijo a los legisladores.<\/p><\/blockquote>\n<p>Thunberg critic\u00f3 los persistentes subsidios a los combustibles f\u00f3siles, que en Estados Unidos han perdurado por m\u00e1s de 100 a\u00f1os, a pesar de que Washington se comprometi\u00f3 en 2009 a ponerles fin.<\/p>\n","protected":false},"excerpt":{"rendered":"<p>La activista medioambiental\u00a0Greta Thunberg\u00a0 hizo un llamado a los pol\u00edticos\u00a0 ante un panel del Congreso&#8230;<\/p>\n","protected":false},"author":1,"featured_media":3114,"comment_status":"open","ping_status":"open","sticky":false,"template":"","format":"standard","meta":{"footnotes":""},"categories":[11],"tags":[],"class_list":["post-3113","post","type-post","status-publish","format-standard","has-post-thumbnail","hentry","category-internacional"],"_links":{"self":[{"href":"https:\/\/xn--huracnpolmicocancnquintanaroo-knc6wmu.com\/index.php?rest_route=\/wp\/v2\/posts\/3113","targetHints":{"allow":["GET"]}}],"collection":[{"href":"https:\/\/xn--huracnpolmicocancnquintanaroo-knc6wmu.com\/index.php?rest_route=\/wp\/v2\/posts"}],"about":[{"href":"https:\/\/xn--huracnpolmicocancnquintanaroo-knc6wmu.com\/index.php?rest_route=\/wp\/v2\/types\/post"}],"author":[{"embeddable":true,"href":"https:\/\/xn--huracnpolmicocancnquintanaroo-knc6wmu.com\/index.php?rest_route=\/wp\/v2\/users\/1"}],"replies":[{"embeddable":true,"href":"https:\/\/xn--huracnpolmicocancnquintanaroo-knc6wmu.com\/index.php?rest_route=%2Fwp%2Fv2%2Fcomments&post=3113"}],"version-history":[{"count":1,"href":"https:\/\/xn--huracnpolmicocancnquintanaroo-knc6wmu.com\/index.php?rest_route=\/wp\/v2\/posts\/3113\/revisions"}],"predecessor-version":[{"id":3115,"href":"https:\/\/xn--huracnpolmicocancnquintanaroo-knc6wmu.com\/index.php?rest_route=\/wp\/v2\/posts\/3113\/revisions\/3115"}],"wp:featuredmedia":[{"embeddable":true,"href":"https:\/\/xn--huracnpolmicocancnquintanaroo-knc6wmu.com\/index.php?rest_route=\/wp\/v2\/media\/3114"}],"wp:attachment":[{"href":"https:\/\/xn--huracnpolmicocancnquintanaroo-knc6wmu.com\/index.php?rest_route=%2Fwp%2Fv2%2Fmedia&parent=3113"}],"wp:term":[{"taxonomy":"category","embeddable":true,"href":"https:\/\/xn--huracnpolmicocancnquintanaroo-knc6wmu.com\/index.php?rest_route=%2Fwp%2Fv2%2Fcategories&post=3113"},{"taxonomy":"post_tag","embeddable":true,"href":"https:\/\/xn--huracnpolmicocancnquintanaroo-knc6wmu.com\/index.php?rest_route=%2Fwp%2Fv2%2Ftags&post=3113"}],"curies":[{"name":"wp","href":"https:\/\/api.w.org\/{rel}","templated":true}]}}