{"id":3125,"date":"2021-04-24T11:15:06","date_gmt":"2021-04-24T11:15:06","guid":{"rendered":"https:\/\/xn--huracnpolmicocancnquintanaroo-knc6wmu.com\/?p=3125"},"modified":"2021-04-24T06:19:16","modified_gmt":"2021-04-24T06:19:16","slug":"asi-sera-la-vacunacion-contra-covid-19-a-maestros-en-oaxaca","status":"publish","type":"post","link":"https:\/\/xn--huracnpolmicocancnquintanaroo-knc6wmu.com\/?p=3125","title":{"rendered":"As\u00ed ser\u00e1 la vacunaci\u00f3n contra Covid-19 a maestros en Oaxaca"},"content":{"rendered":"<p>La secretaria de Seguridad P\u00fablica y Protecci\u00f3n Ciudadana del Gobierno Federal,\u00a0<strong>Rosa Icela Rodr\u00edguez Vel\u00e1zquez<\/strong>, inform\u00f3 que en la segunda\u00a0\u00a0etapa de\u00a0<strong>vacunaci\u00f3n<\/strong>\u00a0contra el\u00a0<strong>Covid-19<\/strong>, dirigida a\u00a0<strong>maestros<\/strong>\u00a0de escuelas p\u00fablicas y privadas de M\u00e9xico, todo est\u00e1 listo para la instalaci\u00f3n de\u00a0\u00a022 centros de vacunaci\u00f3n en 19 municipios de\u00a0<strong>Oaxaca<\/strong>.<\/p>\n<p>En conferencia de prensa, en la que estuvo acompa\u00f1ada por el gobernador\u00a0<strong>Alejandro Murat Hinojosa<\/strong>\u00a0y dem\u00e1s funcionarios estatales, resalt\u00f3 que ser\u00e1n inoculados 117 mil 286 profesores y\u00a0 trabajadores de la educaci\u00f3n en Oaxaca. De esta forma, agradeci\u00f3 el apoyo de todos los involucrados en esta etapa de vacunaci\u00f3n para que la inoculaci\u00f3n de este sector sea una realidad.<\/p>\n<p>Record\u00f3 que esta etapa est\u00e1 dirigida a vacunar a todos los maestros y personal administrativo\u00a0 de\u00a0<strong>escuelas p\u00fablicas<\/strong>\u00a0y privadas para que conforme la decisi\u00f3n de las escuelas y los padres de familia los estudiantes puedan regresar a las aulas a la nueva normalidad. Dijo que los servidores atender\u00e1n a todos los maestros de todos los niveles que deseen vacunarse,\u00a0\u00a0por lo que ninguno\u00a0 se quedar\u00e1 sin ser vacunado.<\/p>\n<p>Precis\u00f3 que Iv\u00e1n Escalante, su jefe de Oficina, ser\u00e1 el enlace con el gobierno estatal y la\u00a0<strong>Guardia Nacional<\/strong>\u00a0para que este proceso se lleve a cabo.<\/p>\n<p>Por su parte, el gobernador Alejandro Murat Hinojosa, manifest\u00f3 que el mi\u00e9rcoles 28 de abril hasta el domingo 2 de mayo se estar\u00e1 llevando el proceso de vacunaci\u00f3n en toda la entidad.<\/p>\n<div class=\"wp-video\"><span class=\"mejs-offscreen\">Reproductor de v\u00eddeo<\/span>vacunar\u00e1 al sector p\u00fablico y privado, en 22 centros de vacunaci\u00f3n que contar\u00e1n con 85 c\u00e9lulas de vacunaci\u00f3n con m\u00e1s de mil elementos que participar\u00e1n en este proceso, adem\u00e1s de 22 ambulancias en caso de requerirse, con una proyecci\u00f3n de vacunaci\u00f3n de 29 mil personas diarias.<\/p>\n<\/div>\n<p>Algunos de los centros de vacunaci\u00f3n\u00a0<strong>estar\u00e1n ubicados e<\/strong>n Mat\u00edas Romero, Ciudad Ixtepec, Juchit\u00e1n de Zaragoza, Huajuapan de Le\u00f3n, Tlaxiaco, Putla Villa de Guerrero, Ixtl\u00e1n de Ju\u00e1rez, y la ciudad de Oaxaca con cuatro puntos de vacunaci\u00f3n ubicados\u00a0 en el Centro Cultural y de Convenciones de Oaxaca, Estadio de F\u00fatbol del ITO.<\/p>\n<p>Adem\u00e1s de la\u00a0\u00a0Escuela Preparatoria\u00a0\u00a0N\u00famero 7 y el Polideportivo Venustiano Carranza. Murat Hinojosa.<\/p>\n<p>El gobernador indic\u00f3\u00a0\u00a0que lo \u00fanico que se le pedir\u00e1 a los trabajadores de la educaci\u00f3n ser\u00e1 su tal\u00f3n de pagos y su identificaci\u00f3n oficial para poder vacunarlos.<\/p>\n","protected":false},"excerpt":{"rendered":"<p>La secretaria de Seguridad P\u00fablica y Protecci\u00f3n Ciudadana del Gobierno Federal,\u00a0Rosa Icela Rodr\u00edguez Vel\u00e1zquez, inform\u00f3&#8230;<\/p>\n","protected":false},"author":1,"featured_media":3126,"comment_status":"open","ping_status":"open","sticky":false,"template":"","format":"standard","meta":{"footnotes":""},"categories":[12],"tags":[],"class_list":["post-3125","post","type-post","status-publish","format-standard","has-post-thumbnail","hentry","category-nacional"],"_links":{"self":[{"href":"https:\/\/xn--huracnpolmicocancnquintanaroo-knc6wmu.com\/index.php?rest_route=\/wp\/v2\/posts\/3125","targetHints":{"allow":["GET"]}}],"collection":[{"href":"https:\/\/xn--huracnpolmicocancnquintanaroo-knc6wmu.com\/index.php?rest_route=\/wp\/v2\/posts"}],"about":[{"href":"https:\/\/xn--huracnpolmicocancnquintanaroo-knc6wmu.com\/index.php?rest_route=\/wp\/v2\/types\/post"}],"author":[{"embeddable":true,"href":"https:\/\/xn--huracnpolmicocancnquintanaroo-knc6wmu.com\/index.php?rest_route=\/wp\/v2\/users\/1"}],"replies":[{"embeddable":true,"href":"https:\/\/xn--huracnpolmicocancnquintanaroo-knc6wmu.com\/index.php?rest_route=%2Fwp%2Fv2%2Fcomments&post=3125"}],"version-history":[{"count":1,"href":"https:\/\/xn--huracnpolmicocancnquintanaroo-knc6wmu.com\/index.php?rest_route=\/wp\/v2\/posts\/3125\/revisions"}],"predecessor-version":[{"id":3127,"href":"https:\/\/xn--huracnpolmicocancnquintanaroo-knc6wmu.com\/index.php?rest_route=\/wp\/v2\/posts\/3125\/revisions\/3127"}],"wp:featuredmedia":[{"embeddable":true,"href":"https:\/\/xn--huracnpolmicocancnquintanaroo-knc6wmu.com\/index.php?rest_route=\/wp\/v2\/media\/3126"}],"wp:attachment":[{"href":"https:\/\/xn--huracnpolmicocancnquintanaroo-knc6wmu.com\/index.php?rest_route=%2Fwp%2Fv2%2Fmedia&parent=3125"}],"wp:term":[{"taxonomy":"category","embeddable":true,"href":"https:\/\/xn--huracnpolmicocancnquintanaroo-knc6wmu.com\/index.php?rest_route=%2Fwp%2Fv2%2Fcategories&post=3125"},{"taxonomy":"post_tag","embeddable":true,"href":"https:\/\/xn--huracnpolmicocancnquintanaroo-knc6wmu.com\/index.php?rest_route=%2Fwp%2Fv2%2Ftags&post=3125"}],"curies":[{"name":"wp","href":"https:\/\/api.w.org\/{rel}","templated":true}]}}