{"id":3129,"date":"2021-04-24T11:23:56","date_gmt":"2021-04-24T11:23:56","guid":{"rendered":"https:\/\/xn--huracnpolmicocancnquintanaroo-knc6wmu.com\/?p=3129"},"modified":"2021-04-24T06:26:43","modified_gmt":"2021-04-24T06:26:43","slug":"derek-chauvin-expolicia-que-asesino-a-george-floyd-sera-sentenciado-en-junio","status":"publish","type":"post","link":"https:\/\/xn--huracnpolmicocancnquintanaroo-knc6wmu.com\/?p=3129","title":{"rendered":"Derek Chauvin, expolic\u00eda que asesin\u00f3 a George Floyd, ser\u00e1 sentenciado en junio"},"content":{"rendered":"<p><strong>Derek Chauvin<\/strong>, el expolic\u00eda condenado en\u00a0<strong>Estados Unidos<\/strong>\u00a0por el asesinato de\u00a0<strong>George Floyd<\/strong>, en mayo del 2020, ser\u00e1 sentenciado el pr\u00f3ximo 16 de junio, inform\u00f3 la\u00a0<em>AFP<\/em>.<\/p>\n<p>Derek Chauvin conocer\u00e1 su pena el pr\u00f3ximo 16 de junio, inform\u00f3 el tribunal de distrito de\u00a0<strong>Minneapolis<\/strong>, donde el exoficial fue juzgado luego de la muerte de Floyd en mayo pasado durante su arresto, un caso que provoc\u00f3 masivas protestas contra el racismo.<\/p>\n<p>Derivado del caso, el Departamento de Justicia de Estados Unidos anunci\u00f3 el mi\u00e9rcoles que abrir\u00e1 una investigaci\u00f3n civil sobre la polic\u00eda de Minneapolis, en una se\u00f1al de las intenciones del gobierno de\u00a0<strong>Joe Biden<\/strong>\u00a0de erradicar el abuso policial.<\/p>\n<p>El veredicto el martes contra el polic\u00eda Derek Chauvin levant\u00f3 una ola de esperanza entre los afroestadounidenses, aunque casos de otros ciudadanos negros muertos en d\u00edas recientes a manos de la polic\u00eda muestran que a\u00fan hay un largo camino por recorrer.<\/p>\n<p>Despu\u00e9s de tres semanas de un proceso rodeado de alta tensi\u00f3n en Minneapolis, los 12 miembros del jurado concluyeron, en menos de 24 horas, que el acusado era culpable de los tres cargos en su contra: asesinato en segundo y tercer grado y homicidio involuntario.<\/p>\n","protected":false},"excerpt":{"rendered":"<p>Derek Chauvin, el expolic\u00eda condenado en\u00a0Estados Unidos\u00a0por el asesinato de\u00a0George Floyd, en mayo del 2020,&#8230;<\/p>\n","protected":false},"author":1,"featured_media":3130,"comment_status":"open","ping_status":"open","sticky":false,"template":"","format":"standard","meta":{"footnotes":""},"categories":[11],"tags":[],"class_list":["post-3129","post","type-post","status-publish","format-standard","has-post-thumbnail","hentry","category-internacional"],"_links":{"self":[{"href":"https:\/\/xn--huracnpolmicocancnquintanaroo-knc6wmu.com\/index.php?rest_route=\/wp\/v2\/posts\/3129","targetHints":{"allow":["GET"]}}],"collection":[{"href":"https:\/\/xn--huracnpolmicocancnquintanaroo-knc6wmu.com\/index.php?rest_route=\/wp\/v2\/posts"}],"about":[{"href":"https:\/\/xn--huracnpolmicocancnquintanaroo-knc6wmu.com\/index.php?rest_route=\/wp\/v2\/types\/post"}],"author":[{"embeddable":true,"href":"https:\/\/xn--huracnpolmicocancnquintanaroo-knc6wmu.com\/index.php?rest_route=\/wp\/v2\/users\/1"}],"replies":[{"embeddable":true,"href":"https:\/\/xn--huracnpolmicocancnquintanaroo-knc6wmu.com\/index.php?rest_route=%2Fwp%2Fv2%2Fcomments&post=3129"}],"version-history":[{"count":1,"href":"https:\/\/xn--huracnpolmicocancnquintanaroo-knc6wmu.com\/index.php?rest_route=\/wp\/v2\/posts\/3129\/revisions"}],"predecessor-version":[{"id":3131,"href":"https:\/\/xn--huracnpolmicocancnquintanaroo-knc6wmu.com\/index.php?rest_route=\/wp\/v2\/posts\/3129\/revisions\/3131"}],"wp:featuredmedia":[{"embeddable":true,"href":"https:\/\/xn--huracnpolmicocancnquintanaroo-knc6wmu.com\/index.php?rest_route=\/wp\/v2\/media\/3130"}],"wp:attachment":[{"href":"https:\/\/xn--huracnpolmicocancnquintanaroo-knc6wmu.com\/index.php?rest_route=%2Fwp%2Fv2%2Fmedia&parent=3129"}],"wp:term":[{"taxonomy":"category","embeddable":true,"href":"https:\/\/xn--huracnpolmicocancnquintanaroo-knc6wmu.com\/index.php?rest_route=%2Fwp%2Fv2%2Fcategories&post=3129"},{"taxonomy":"post_tag","embeddable":true,"href":"https:\/\/xn--huracnpolmicocancnquintanaroo-knc6wmu.com\/index.php?rest_route=%2Fwp%2Fv2%2Ftags&post=3129"}],"curies":[{"name":"wp","href":"https:\/\/api.w.org\/{rel}","templated":true}]}}