{"id":3135,"date":"2021-04-24T11:32:49","date_gmt":"2021-04-24T11:32:49","guid":{"rendered":"https:\/\/xn--huracnpolmicocancnquintanaroo-knc6wmu.com\/?p=3135"},"modified":"2021-04-24T06:38:22","modified_gmt":"2021-04-24T06:38:22","slug":"capitan-america-4-se-encuentra-en-desarrollo","status":"publish","type":"post","link":"https:\/\/xn--huracnpolmicocancnquintanaroo-knc6wmu.com\/?p=3135","title":{"rendered":"\u2018Capit\u00e1n Am\u00e9rica 4\u2019 se encuentra en desarrollo"},"content":{"rendered":"<div class=\"et_pb_with_border et_pb_module et_pb_post_content et_pb_post_content_0_tb_body\">\n<p>Tan solo horas despu\u00e9s del estreno mundial del final de\u00a0<em>Falcon y el Soldado del Invierno\u00a0<\/em>en Disney +, Marvel ha dado a conocer que ya se est\u00e1 trabajando en la cuarta entrega de Capit\u00e1n Am\u00e9rica. De acuerdo a\u00a0<em>The Hollywood Reporter<\/em>, la pr\u00f3xima pel\u00edcula del cl\u00e1sico superh\u00e9roe tendr\u00e1 al mismo guionista que desarroll\u00f3 la serie m\u00e1s reciente de la plataforma, Malcolm Spellman. Solo que en esta ocasi\u00f3n tambi\u00e9n contar\u00e1 con la ayuda de Dalan Musson, quien tambi\u00e9n form\u00f3 parte de la creaci\u00f3n de la historia de los amigos de Steve Rogers.<\/p>\n<p>Hasta el momento no se ha dado a conocer de manera oficial el reparto de\u00a0<em>Capit\u00e1n Am\u00e9rica 4<\/em>, o el t\u00edtulo final que tendr\u00e1 la cinta, sin embargo, esta retomar\u00eda parte de los sucesos que tomaron lugar en\u00a0<em>Falcon y el Soldado del Invierno<\/em>. Chris Evans le dio vida a Rogers desde 2011 cuando Capit\u00e1n Am\u00e9rica fue presentado por primera vez en el Universo Cinematogr\u00e1fico de Marvel en\u00a0<em>El primer vengador<\/em>, seguida de sus apariciones en las pel\u00edculas de\u00a0<em>Los Vengadores<\/em>\u00a0y en otras dos que fueron dedicadas al desarrollo de su personaje,\u00a0<em>Capit\u00e1n Am\u00e9rica y el Soldado del Invierno<\/em>\u00a0y\u00a0<em>Capit\u00e1n Am\u00e9rica: Guerra Civil.<\/em><\/p>\n<p>Ahora tocar\u00eda el turno de Anthony Mackie de tomar el escudo, pero las dudas de que Chris Evans regrese se han hecho presentes porque esta es la principal problem\u00e1tica dentro de la narrativa de\u00a0<em>Falcon y el Soldado del Invierno<\/em>, ya que nos presenta a un Capit\u00e1n Am\u00e9rica retirado del servicio y de las batallas contra los enemigos que planean destruir el planeta. Adem\u00e1s de mantener esto en secreto, Marvel tampoco ha revelado qui\u00e9n ser\u00e1 la persona encargada de dirigir la cinta, dejando solo a Spellman y Musson como los dos \u00fanicos nombres confirmados para escribir el futuro del superh\u00e9roe.<\/p>\n<p>La noticia ha sido recibida de manera positiva entre los seguidores del UCM, ya que\u00a0<em>Falcon y el Soldado del Invierno<\/em>\u00a0tambi\u00e9n ha tenido una buen recepci\u00f3n por parte de la audiencia, se estren\u00f3 como la serie m\u00e1s vista desde el comienzo de Disney +, superando a\u00a0<em>WandaVision\u00a0<\/em>y\u00a0<em>The Mandalorian<\/em>. El show es protagonizado por Anthony Mackie y Sebastian Stan como Falcon y el Soldado del Invierno respectivamente, toma lugar despu\u00e9s de la batalla de\u00a0<em>Endgame<\/em>, sin embargo, la cr\u00edtica ha elogiado la trama por centrarse en diferentes problemas sociales como el racismo sistem\u00e1tico y las din\u00e1micas de poder que manejan los altos mandos.<\/p>\n<figure class=\"wp-block-embed is-type-rich is-provider-instagram wp-block-embed-instagram\">\n<div class=\"wp-block-embed__wrapper\">\n<div class=\"sbi-embed-wrap\"><iframe id=\"instagram-embed-0\" class=\"instagram-media sbi-embed instagram-media-rendered\" src=\"https:\/\/www.instagram.com\/p\/CN_bZYQHSOd\/embed\/captioned\/?cr=1&amp;v=13&amp;wp=542&amp;rd=https%3A%2F%2Fwww.rollingstone.com.mx&amp;rp=%2Fcapitan-america-4-pelicula-en-desarrollo%2F#%7B%22ci%22%3A0%2C%22os%22%3A3015.139999999519%7D\" height=\"871\" frameborder=\"0\" scrolling=\"no\" allowfullscreen=\"allowfullscreen\" data-instgrm-payload-id=\"instagram-media-payload-0\" data-mce-fragment=\"1\"><\/iframe><\/div>\n<\/div>\n<\/figure>\n<p>&nbsp;<\/p>\n<p>Para respetar la autenticidad de la historia, Spellman reuni\u00f3 a un grupo de guionistas que en su mayor\u00eda fueron negros y as\u00ed poder retratar las circunstancias a las que se enfrenta Sam Wilson y otros nuevos personajes que se introducen a lo largo de los cap\u00edtulos de\u00a0<em>Falcon y el Soldado del Invierno<\/em>. Por otro lado, Musson fue el guionista acreditado del episodio cinco, el cual ha sido uno de los que ha generado mayor conversaci\u00f3n entre los espectadores, posicion\u00e1ndolo como una de las entregas m\u00e1s fuertes de la serie que en total se conforma de seis cap\u00edtulos.<\/p>\n<p>La pluma de Spellman y Musson confirma que en\u00a0<em>Capit\u00e1n Am\u00e9rica 4<\/em>\u00a0veremos nuevamente a Anthony Mackie y Sebastian Stan, aunque claro est\u00e1, la trama ser\u00eda distinta por el final abierto que tuvo la serie. D\u00edas atr\u00e1s Nate More, vicepresidente de producci\u00f3n y desarrollo en Marvel,\u00a0dio a conocer\u00a0que le gustar\u00eda explorar otros aspectos del programa, dando la posibilidad de una segunda temporada. \u00abEsperemos que al final de esta temporada se vea el potencial de lo que podr\u00edamos contar en una temporada posterior\u00bb, expres\u00f3.<\/p>\n<p>Falta confirmar varios aspectos de\u00a0<em>Capit\u00e1n Am\u00e9rica 4<\/em>, sin embargo, todos los episodios de\u00a0<em>Falcon y el Soldado del Invierno<\/em>\u00a0ya se encuentran disponibles en Disney +, la posible precuela de la pr\u00f3xima pel\u00edcula de Marvel.<\/p>\n<p>&nbsp;<\/p>\n<figure class=\"wp-block-embed is-type-video is-provider-youtube wp-block-embed-youtube wp-embed-aspect-16-9 wp-has-aspect-ratio\">\n<div class=\"wp-block-embed__wrapper\">\n<div class=\"fluid-width-video-wrapper\"><iframe title=\"Official Trailer | The Falcon and the Winter Soldier | Disney+\" src=\"https:\/\/www.youtube.com\/embed\/IWBsDaFWyTE?feature=oembed\" name=\"fitvid0\" allowfullscreen=\"allowfullscreen\" data-mce-fragment=\"1\"><\/iframe><\/div>\n<\/div>\n<\/figure>\n<\/div>\n","protected":false},"excerpt":{"rendered":"<p>Tan solo horas despu\u00e9s del estreno mundial del final de\u00a0Falcon y el Soldado del Invierno\u00a0en&#8230;<\/p>\n","protected":false},"author":1,"featured_media":3136,"comment_status":"open","ping_status":"open","sticky":false,"template":"","format":"standard","meta":{"footnotes":""},"categories":[9],"tags":[],"class_list":["post-3135","post","type-post","status-publish","format-standard","has-post-thumbnail","hentry","category-espectaculos"],"_links":{"self":[{"href":"https:\/\/xn--huracnpolmicocancnquintanaroo-knc6wmu.com\/index.php?rest_route=\/wp\/v2\/posts\/3135","targetHints":{"allow":["GET"]}}],"collection":[{"href":"https:\/\/xn--huracnpolmicocancnquintanaroo-knc6wmu.com\/index.php?rest_route=\/wp\/v2\/posts"}],"about":[{"href":"https:\/\/xn--huracnpolmicocancnquintanaroo-knc6wmu.com\/index.php?rest_route=\/wp\/v2\/types\/post"}],"author":[{"embeddable":true,"href":"https:\/\/xn--huracnpolmicocancnquintanaroo-knc6wmu.com\/index.php?rest_route=\/wp\/v2\/users\/1"}],"replies":[{"embeddable":true,"href":"https:\/\/xn--huracnpolmicocancnquintanaroo-knc6wmu.com\/index.php?rest_route=%2Fwp%2Fv2%2Fcomments&post=3135"}],"version-history":[{"count":1,"href":"https:\/\/xn--huracnpolmicocancnquintanaroo-knc6wmu.com\/index.php?rest_route=\/wp\/v2\/posts\/3135\/revisions"}],"predecessor-version":[{"id":3137,"href":"https:\/\/xn--huracnpolmicocancnquintanaroo-knc6wmu.com\/index.php?rest_route=\/wp\/v2\/posts\/3135\/revisions\/3137"}],"wp:featuredmedia":[{"embeddable":true,"href":"https:\/\/xn--huracnpolmicocancnquintanaroo-knc6wmu.com\/index.php?rest_route=\/wp\/v2\/media\/3136"}],"wp:attachment":[{"href":"https:\/\/xn--huracnpolmicocancnquintanaroo-knc6wmu.com\/index.php?rest_route=%2Fwp%2Fv2%2Fmedia&parent=3135"}],"wp:term":[{"taxonomy":"category","embeddable":true,"href":"https:\/\/xn--huracnpolmicocancnquintanaroo-knc6wmu.com\/index.php?rest_route=%2Fwp%2Fv2%2Fcategories&post=3135"},{"taxonomy":"post_tag","embeddable":true,"href":"https:\/\/xn--huracnpolmicocancnquintanaroo-knc6wmu.com\/index.php?rest_route=%2Fwp%2Fv2%2Ftags&post=3135"}],"curies":[{"name":"wp","href":"https:\/\/api.w.org\/{rel}","templated":true}]}}