{"id":3142,"date":"2021-04-26T11:30:45","date_gmt":"2021-04-26T11:30:45","guid":{"rendered":"https:\/\/xn--huracnpolmicocancnquintanaroo-knc6wmu.com\/?p=3142"},"modified":"2021-04-26T06:39:36","modified_gmt":"2021-04-26T06:39:36","slug":"cae-enfermero-que-fingia-vacunar-contra-covid-19","status":"publish","type":"post","link":"https:\/\/xn--huracnpolmicocancnquintanaroo-knc6wmu.com\/?p=3142","title":{"rendered":"Cae enfermero que fing\u00eda vacunar contra covid-19"},"content":{"rendered":"<p class=\"letter-capitular\">La polic\u00eda detuvo a un enfermero que habr\u00eda sido grabado en video mientras fing\u00eda vacunar a una persona contra el coronavirus en Ecuador, informaron el domingo las autoridades sanitarias.<\/p>\n<p>En un comunicado el Ministerio de Salud dijo que con el apoyo policial se &#8220;detuvo al profesional de la salud para las investigaciones respectivas&#8221; y tambi\u00e9n se ubic\u00f3 al paciente, que fue luego &#8220;vacunado correctamente&#8221;.<\/p>\n<p>Seg\u00fan hab\u00eda publicado antes el diario El Universo, &#8220;un enfermero le clava una aguja [a un paciente] en el brazo derecho y luego la retira sin inyectar la vacuna&#8221;, y todo se habr\u00eda registrado en una grabaci\u00f3n del celular del paciente. El video fue replicado en redes sociales.<\/p>\n<p>&#8220;Lo que sucedi\u00f3 hoy con un paciente, y que en un principio no fue inoculado correctamente, no tiene nombre&#8221;, expres\u00f3 el Ministerio de Salud.<\/p>\n<p>El incidente habr\u00eda ocurrido en uno de los puestos de vacunaci\u00f3n en el norte de Guayaquil, el puerto al suroeste del pa\u00eds que vivi\u00f3 lo peor de la pandemia entre marzo y abril del a\u00f1o pasado, cuando sus sistemas de salud y funerario colapsaron.<\/p>\n<p>Las autoridades de Ecuador han alertado que la naci\u00f3n enfrenta una situaci\u00f3n &#8220;muy cr\u00edtica&#8221; debido al aumento de contagios de la covid-19.<\/p>\n<div class=\"twitter-tweet twitter-tweet-rendered\"><iframe id=\"twitter-widget-0\" class=\"\" title=\"Twitter Tweet\" src=\"https:\/\/platform.twitter.com\/embed\/Tweet.html?dnt=false&amp;embedId=twitter-widget-0&amp;features=eyJ0ZndfZXhwZXJpbWVudHNfY29va2llX2V4cGlyYXRpb24iOnsiYnVja2V0IjoxMjA5NjAwLCJ2ZXJzaW9uIjpudWxsfSwidGZ3X2hvcml6b25fdHdlZXRfZW1iZWRfOTU1NSI6eyJidWNrZXQiOiJodGUiLCJ2ZXJzaW9uIjpudWxsfX0%3D&amp;frame=false&amp;hideCard=false&amp;hideThread=false&amp;id=1386449883406680064&amp;lang=es&amp;origin=https%3A%2F%2Fwww.excelsior.com.mx%2Fnacional%2Fcae-enfermero-que-fingia-vacunar-contra-covid-19%2F1445267&amp;sessionId=ca10a7c06bc1d2006c4eb7d57e8a2fdc0c092682&amp;siteScreenName=Excelsior&amp;theme=light&amp;widgetsVersion=ff2e7cf%3A1618526400629&amp;width=550px\" frameborder=\"0\" scrolling=\"no\" allowfullscreen=\"allowfullscreen\" data-tweet-id=\"1386449883406680064\" data-mce-fragment=\"1\"><\/iframe><\/div>\n<p>El pa\u00eds sudamericano, con 17,5 millones de habitantes, reporta 373.362 casos y 18.177 muertos entre confirmados y probables desde el inicio de la pandemia.<\/p>\n<p>El presidente Len\u00edn Moreno decret\u00f3 desde el mi\u00e9rcoles un estado de excepci\u00f3n e impuso de lunes a jueves un toque de queda nocturno de nueve horas y otro de 57 horas que se extiende de viernes a lunes en 16 de las 24 provincias m\u00e1s pobladas, para frenar el avance del virus.<\/p>\n<div class=\"teads-inread sm-screen\">\n<div id=\"teads1\" class=\"teads-player\">El proceso de inoculaci\u00f3n continu\u00f3 pese a la vigencia del confinamiento y hasta el viernes 200.350 personas hab\u00edan recibido las dos dosis necesarias para la inmunizaci\u00f3n, mientras que otras 532.367 recibieron la primera, conforme a cifras oficiales.<\/div>\n<\/div>\n<p>El ministro de Salud, Camilo Salinas, alert\u00f3 el s\u00e1bado sobre &#8220;la presencia de 5 casos de nueva variante C.37 identificada en Per\u00fa y Chile&#8221;.<\/p>\n<p>Adem\u00e1s circulan las variantes brasile\u00f1a, de Reino Unido y de Nueva York, de acuerdo con el Instituto de Microbiolog\u00eda de la Universidad San Francisco, encargado de los an\u00e1lisis.<\/p>\n<p>El pa\u00eds andino mantiene el cierre de sus fronteras terrestres y mar\u00edtimas y la suspensi\u00f3n de las clases presenciales.<\/p>\n","protected":false},"excerpt":{"rendered":"<p>La polic\u00eda detuvo a un enfermero que habr\u00eda sido grabado en video mientras fing\u00eda vacunar&#8230;<\/p>\n","protected":false},"author":1,"featured_media":3143,"comment_status":"open","ping_status":"open","sticky":false,"template":"","format":"standard","meta":{"footnotes":""},"categories":[12],"tags":[],"class_list":["post-3142","post","type-post","status-publish","format-standard","has-post-thumbnail","hentry","category-nacional"],"_links":{"self":[{"href":"https:\/\/xn--huracnpolmicocancnquintanaroo-knc6wmu.com\/index.php?rest_route=\/wp\/v2\/posts\/3142","targetHints":{"allow":["GET"]}}],"collection":[{"href":"https:\/\/xn--huracnpolmicocancnquintanaroo-knc6wmu.com\/index.php?rest_route=\/wp\/v2\/posts"}],"about":[{"href":"https:\/\/xn--huracnpolmicocancnquintanaroo-knc6wmu.com\/index.php?rest_route=\/wp\/v2\/types\/post"}],"author":[{"embeddable":true,"href":"https:\/\/xn--huracnpolmicocancnquintanaroo-knc6wmu.com\/index.php?rest_route=\/wp\/v2\/users\/1"}],"replies":[{"embeddable":true,"href":"https:\/\/xn--huracnpolmicocancnquintanaroo-knc6wmu.com\/index.php?rest_route=%2Fwp%2Fv2%2Fcomments&post=3142"}],"version-history":[{"count":1,"href":"https:\/\/xn--huracnpolmicocancnquintanaroo-knc6wmu.com\/index.php?rest_route=\/wp\/v2\/posts\/3142\/revisions"}],"predecessor-version":[{"id":3144,"href":"https:\/\/xn--huracnpolmicocancnquintanaroo-knc6wmu.com\/index.php?rest_route=\/wp\/v2\/posts\/3142\/revisions\/3144"}],"wp:featuredmedia":[{"embeddable":true,"href":"https:\/\/xn--huracnpolmicocancnquintanaroo-knc6wmu.com\/index.php?rest_route=\/wp\/v2\/media\/3143"}],"wp:attachment":[{"href":"https:\/\/xn--huracnpolmicocancnquintanaroo-knc6wmu.com\/index.php?rest_route=%2Fwp%2Fv2%2Fmedia&parent=3142"}],"wp:term":[{"taxonomy":"category","embeddable":true,"href":"https:\/\/xn--huracnpolmicocancnquintanaroo-knc6wmu.com\/index.php?rest_route=%2Fwp%2Fv2%2Fcategories&post=3142"},{"taxonomy":"post_tag","embeddable":true,"href":"https:\/\/xn--huracnpolmicocancnquintanaroo-knc6wmu.com\/index.php?rest_route=%2Fwp%2Fv2%2Ftags&post=3142"}],"curies":[{"name":"wp","href":"https:\/\/api.w.org\/{rel}","templated":true}]}}