{"id":3188,"date":"2021-04-29T11:57:58","date_gmt":"2021-04-29T11:57:58","guid":{"rendered":"https:\/\/xn--huracnpolmicocancnquintanaroo-knc6wmu.com\/?p=3188"},"modified":"2021-04-29T16:01:29","modified_gmt":"2021-04-29T16:01:29","slug":"rechazan-que-laguna-de-bacalar-sea-area-natural-protegida","status":"publish","type":"post","link":"https:\/\/xn--huracnpolmicocancnquintanaroo-knc6wmu.com\/?p=3188","title":{"rendered":"Rechazan que laguna de Bacalar sea \u00c1rea Natural Protegida"},"content":{"rendered":"<div class=\"row\">\n<div id=\"article-content-tts\" class=\"article-content ljn-nota-contenido\">\n<div id=\"content_nitf\">\n<p><em>Bacalar, QR.<\/em>\u00a0Agrupaciones civiles, ejidales y empresariales rechazaron que la laguna de Bacalar sea considerada \u00c1rea Natural Protegida (ANP) y s\u00f3lo pugnaron por impulsar desarrollos sustentables; se\u00f1alaron que las agrupaciones ambientalistas han alarmado en redes sociales, lo que impact\u00f3 negativamente al destino tur\u00edstico.<\/p>\n<p>Con el eslogan \u201cEn el sur de Quintana Roo el compromiso es por el Desarrollo Sustentable\u201d, representantes de siete c\u00e1maras empresariales, 11 ejidos, de asociaciones civiles y l\u00edderes de opini\u00f3n se reunieron para rechazar tajantemente la propuesta de nombrar a la laguna de Bacalar ANP.<\/p>\n<p>El presidente del Consejo Coordinador Empresarial (CCE), Eloy Quintal Jim\u00e9nez, afirm\u00f3 que \u201cpugnar\u00e1n por un modelo de desarrollo tur\u00edstico diversificado, exclusivo, acorde con la naturaleza y soportado por estudios de impacto ambiental realizados por profesionales locales\u201d.<\/p>\n<div class=\"teads-inread sm-screen\">\n<div id=\"teads0\" class=\"teads-player\">Adem\u00e1s, llam\u00f3 a los candidatos a presidentes municipales de Bacalar y Oth\u00f3n P Blanco a que se comprometan a una agenda de acciones conjuntas en el ordenamiento territorial y ambiental.<\/div>\n<\/div>\n<p>Dijo que la laguna de Bacalar ya est\u00e1 recuperando sus colores, en contra de las previsiones fatalistas de los promotores del ANP, quienes durante los meses recientes inundaron las redes sociales con mensajes y fotograf\u00edas alarmistas, lo que impact\u00f3 negativamente al destino tur\u00edstico.<\/p>\n<p>\u201cLa ocupaci\u00f3n hotelera en Bacalar y, por consiguiente, en Chetumal, fue severamente afectada por los se\u00f1alamientos de estos grupos\u201d, puntualiz\u00f3 Bertha Medina N de C\u00e1ceres, presidenta de la Asociaci\u00f3n de Hoteles del Centro y Sur de Quintana Roo.<\/p>\n<p>El vocero del Consejo Comunitario de la Cuenca de la laguna de Bacalar, Roberto Salgado, explic\u00f3 que los sedimentos que llegaron a la laguna en fechas recientes afectaron sus colores.<\/p>\n<p>\u201cProvienen de la cuenca alta, desde las monta\u00f1as de Campeche, por lo que es evidente que lo que se requiere es normar las actividades agropecuarias, promover y apoyar la adopci\u00f3n de un modelo de producci\u00f3n m\u00e1s sustentable en el medio rural e impulsar un programa de reforestaci\u00f3n que sirva como una l\u00ednea verde que detenga los escurrimientos en tiempos de lluvias intensas, como las que se registraron el a\u00f1o pasado\u201d.<\/p>\n<p>Quintal Jim\u00e9nez insisti\u00f3 en que los grupos ambientalistas \u201csatanizan el desarrollo tur\u00edstico, lo cual afecta la inversi\u00f3n y el empleo. Nosotros, los empresarios, somos los primeros en pugnar por un desarrollo que respete la naturaleza, que es la vocaci\u00f3n de la zona sur del estado\u201d.<\/p>\n<p>Dirigentes y representantes de la Asociaci\u00f3n de Hoteles del Centro y Sur de Quintana Roo, de la Canaco Chetumal-Tulum, CMIC Quintana Roo, Coparmex Bacalar, N\u00e1uticos de Bacalar, Asociaci\u00f3n de Hoteles de Bacalar, as\u00ed como comisariados de los ejidos de Bacalar, Buenavista, Aaron Merino Fern\u00e1ndez, Pedro Antonio Santos, Juan Sarabia, Santa Elena, Calderitas, Laguna Guerrero, \u00darsulo Galv\u00e1n, La Pen\u00ednsula y Tollocan apoyaron un desarrollo sustentable y rechazaron, como hace cuatro a\u00f1os, cualquier figura de ANP, en cualquiera de sus modalidades dentro de la cuenca de la laguna de Bacalar.<\/p>\n<\/div>\n<\/div>\n<\/div>\n<div class=\"article-meta\">\n<hr \/>\n<\/div>\n","protected":false},"excerpt":{"rendered":"<p>Bacalar, QR.\u00a0Agrupaciones civiles, ejidales y empresariales rechazaron que la laguna de Bacalar sea considerada \u00c1rea&#8230;<\/p>\n","protected":false},"author":1,"featured_media":3189,"comment_status":"open","ping_status":"open","sticky":false,"template":"","format":"standard","meta":{"footnotes":""},"categories":[12],"tags":[],"class_list":["post-3188","post","type-post","status-publish","format-standard","has-post-thumbnail","hentry","category-nacional"],"_links":{"self":[{"href":"https:\/\/xn--huracnpolmicocancnquintanaroo-knc6wmu.com\/index.php?rest_route=\/wp\/v2\/posts\/3188","targetHints":{"allow":["GET"]}}],"collection":[{"href":"https:\/\/xn--huracnpolmicocancnquintanaroo-knc6wmu.com\/index.php?rest_route=\/wp\/v2\/posts"}],"about":[{"href":"https:\/\/xn--huracnpolmicocancnquintanaroo-knc6wmu.com\/index.php?rest_route=\/wp\/v2\/types\/post"}],"author":[{"embeddable":true,"href":"https:\/\/xn--huracnpolmicocancnquintanaroo-knc6wmu.com\/index.php?rest_route=\/wp\/v2\/users\/1"}],"replies":[{"embeddable":true,"href":"https:\/\/xn--huracnpolmicocancnquintanaroo-knc6wmu.com\/index.php?rest_route=%2Fwp%2Fv2%2Fcomments&post=3188"}],"version-history":[{"count":1,"href":"https:\/\/xn--huracnpolmicocancnquintanaroo-knc6wmu.com\/index.php?rest_route=\/wp\/v2\/posts\/3188\/revisions"}],"predecessor-version":[{"id":3190,"href":"https:\/\/xn--huracnpolmicocancnquintanaroo-knc6wmu.com\/index.php?rest_route=\/wp\/v2\/posts\/3188\/revisions\/3190"}],"wp:featuredmedia":[{"embeddable":true,"href":"https:\/\/xn--huracnpolmicocancnquintanaroo-knc6wmu.com\/index.php?rest_route=\/wp\/v2\/media\/3189"}],"wp:attachment":[{"href":"https:\/\/xn--huracnpolmicocancnquintanaroo-knc6wmu.com\/index.php?rest_route=%2Fwp%2Fv2%2Fmedia&parent=3188"}],"wp:term":[{"taxonomy":"category","embeddable":true,"href":"https:\/\/xn--huracnpolmicocancnquintanaroo-knc6wmu.com\/index.php?rest_route=%2Fwp%2Fv2%2Fcategories&post=3188"},{"taxonomy":"post_tag","embeddable":true,"href":"https:\/\/xn--huracnpolmicocancnquintanaroo-knc6wmu.com\/index.php?rest_route=%2Fwp%2Fv2%2Ftags&post=3188"}],"curies":[{"name":"wp","href":"https:\/\/api.w.org\/{rel}","templated":true}]}}