{"id":3197,"date":"2021-04-29T13:12:52","date_gmt":"2021-04-29T13:12:52","guid":{"rendered":"https:\/\/xn--huracnpolmicocancnquintanaroo-knc6wmu.com\/?p=3197"},"modified":"2021-04-29T16:18:07","modified_gmt":"2021-04-29T16:18:07","slug":"billie-eilish-estrena-your-power","status":"publish","type":"post","link":"https:\/\/xn--huracnpolmicocancnquintanaroo-knc6wmu.com\/?p=3197","title":{"rendered":"Billie Eilish estrena \u00abYour Power\u00bb"},"content":{"rendered":"<div class=\"et_pb_column et_pb_column_3_4 et_pb_column_0_tb_body   et_pb_specialty_column  et_pb_css_mix_blend_mode_passthrough\">\n<div class=\"et_pb_row_inner et_pb_row_inner_4_tb_body\">\n<div class=\"et_pb_column et_pb_column_4_4 et_pb_column_inner et_pb_column_inner_6_tb_body et-last-child\">\n<div class=\"et_pb_with_border et_pb_module et_pb_post_content et_pb_post_content_0_tb_body\">\n<p>Billie Eilish anunci\u00f3 recientemente el lanzamiento de su esperado segundo \u00e1lbum de estudio que llevar\u00e1 por nombre\u00a0<em>Happier Than Ever<\/em>. El material ver\u00e1 la luz el 30 de julio. Hoy, Eilish ha lanzado \u00abYour Power\u00bb.<\/p>\n<p><em>Happier Than Ever<\/em>\u00a0seguir\u00e1 a su exitoso \u00e1lbum debut\u00a0<em>When We All Fall Asleep, Where Do We Go?<\/em>\u00a0que lleg\u00f3 en 2019 y arras\u00f3 en los Premios Grammy, llev\u00e1ndose la estatuilla por \u00c1lbum del A\u00f1o y Mejor \u00c1lbum Vocal de Pop, adem\u00e1s, \u00abBad Guy\u00bb gan\u00f3 el premio a Canci\u00f3n y Grabaci\u00f3n del A\u00f1o.<\/p>\n<p>Este martes, las calles de Estados Unidos fueron invadidas por im\u00e1genes de la artista acompa\u00f1ada de la fecha y lo que parec\u00eda ser el nombre de su pr\u00f3ximo \u00e1lbum. Unas horas m\u00e1s tarde, Eilish confirm\u00f3 la noticia en sus redes sociales junto con la portada del disco.<\/p>\n<p>&nbsp;<\/p>\n<figure class=\"wp-block-embed is-type-rich is-provider-twitter wp-block-embed-twitter\">\n<div class=\"wp-block-embed__wrapper\">\n<div class=\"twitter-tweet twitter-tweet-rendered\"><iframe id=\"twitter-widget-0\" class=\"\" title=\"Twitter Tweet\" src=\"https:\/\/platform.twitter.com\/embed\/Tweet.html?creatorScreenName=RollingStoneMX&amp;dnt=true&amp;embedId=twitter-widget-0&amp;features=eyJ0ZndfZXhwZXJpbWVudHNfY29va2llX2V4cGlyYXRpb24iOnsiYnVja2V0IjoxMjA5NjAwLCJ2ZXJzaW9uIjpudWxsfSwidGZ3X2hvcml6b25fdHdlZXRfZW1iZWRfOTU1NSI6eyJidWNrZXQiOiJodGUiLCJ2ZXJzaW9uIjpudWxsfX0%3D&amp;frame=false&amp;hideCard=false&amp;hideThread=false&amp;id=1387076872563879938&amp;lang=es&amp;origin=https%3A%2F%2Fwww.rollingstone.com.mx%2Fbillie-eilish-your-power-happier-than-ever%2F&amp;sessionId=72729c69e507bc0a5bf0a7c2f9902e9723035f02&amp;siteScreenName=RollingStoneMX&amp;theme=light&amp;widgetsVersion=82e1070%3A1619632193066&amp;width=550px\" frameborder=\"0\" scrolling=\"no\" allowfullscreen=\"allowfullscreen\" data-tweet-id=\"1387076872563879938\" data-mce-fragment=\"1\"><\/iframe><\/div>\n<\/div>\n<\/figure>\n<p>&nbsp;<\/p>\n<p>En una reciente entrevista con Stephen Colbert, Billie Eilish revel\u00f3 que el aislamiento ayud\u00f3 en gran medida a crear el sonido del \u00e1lbum, y sin este periodo de tiempo, no hubiera podido concebirlo de la forma en que lo hizo.<\/p>\n<p>&nbsp;<\/p>\n<blockquote class=\"wp-block-quote\"><p>\u00abNo creo que hubiera hecho el mismo \u00e1lbum, ni siquiera el \u00e1lbum, si no fuera por el COVID. Eso no significa que se trate de COVID en absoluto, es solo que, cuando las cosas son diferentes en tu vida, eres diferente.\u00a0As\u00ed es como es.\u00a0Entonces, tengo que agradecer al COVID por eso, y eso es todo\u00bb.<\/p><\/blockquote>\n<p>&nbsp;<\/p>\n<p>Eilish tambi\u00e9n public\u00f3 el tracklist de\u00a0<em>Happier Than Ever<\/em>, que contiene canciones previamente lanzadas como \u00abmy future\u00bb y \u00abTherefore I Am\u00bb, lo que convierte a \u00abYour Power\u00bb en el tercer tema del \u00e1lbum que sale a la luz. El material cuenta con 16 temas.<\/p>\n<ol>\n<li>\u00abGetting Older\u00bb<\/li>\n<li>\u00abI Didn\u2019t Change My Number\u00bb<\/li>\n<li>\u00abBillie Bossa Nova\u00bb<\/li>\n<li>\u00abmy future\u00bb<\/li>\n<li>\u00abOxytocin\u00bb<\/li>\n<li>\u00abGOLDWING\u00bb<\/li>\n<li>\u00abLost Cause\u00bb<\/li>\n<li>\u00abHalley\u2019s Comet\u00bb<\/li>\n<li>\u00abNot My Responsibility\u00bb<\/li>\n<li>\u00abOverHeated\u00bb<\/li>\n<li>\u00abEverybody Dies\u00bb<\/li>\n<li>\u00abYour Power\u00bb<\/li>\n<li>\u00abNDA\u00bb<\/li>\n<li>\u00abTherefore I Am\u00bb<\/li>\n<li>\u00abHappier Than Ever\u00bb<\/li>\n<li>\u00abMale Fantasy\u00bb<\/li>\n<\/ol>\n<p>Billie EIlish tambi\u00e9n estren\u00f3 recientemente \u00abNo Time To Die\u00bb \u2014el tema de la pr\u00f3xima pel\u00edcula de James Bond\u2014 y \u00abLo Vas A Olvidar\u00bb, una canci\u00f3n en colaboraci\u00f3n con Rosal\u00eda. Adem\u00e1s, lanz\u00f3\u00a0<em>Billie Eilish: The World\u2019s A Little Blurry<\/em>, un documental que habla sobre su ascenso a la fama y sus vivencias como una nueva estrella pop mientras escrib\u00eda su \u00e1lbum debut. Platicamos con R.J. Cutler, director del documental.<\/p>\n<p>Escucha \u00abYour Power\u00bb, tema que forma parte del segundo \u00e1lbum de Billie Eilish que se estrenar\u00e1 el 30 de julio, aqu\u00ed:<\/p>\n<p>&nbsp;<\/p>\n<figure class=\"wp-block-embed is-type-video is-provider-youtube wp-block-embed-youtube wp-embed-aspect-16-9 wp-has-aspect-ratio\">\n<div class=\"wp-block-embed__wrapper\">\n<div class=\"fluid-width-video-wrapper\"><iframe title=\"Billie Eilish - Your Power (Official Music Video)\" src=\"https:\/\/www.youtube.com\/embed\/fzeWc3zh01g?feature=oembed\" name=\"fitvid0\" allowfullscreen=\"allowfullscreen\" data-mce-fragment=\"1\"><\/iframe><\/div>\n<\/div>\n<\/figure>\n<\/div>\n<\/div>\n<\/div>\n<\/div>\n","protected":false},"excerpt":{"rendered":"<p>Billie Eilish anunci\u00f3 recientemente el lanzamiento de su esperado segundo \u00e1lbum de estudio que llevar\u00e1&#8230;<\/p>\n","protected":false},"author":1,"featured_media":3198,"comment_status":"open","ping_status":"open","sticky":false,"template":"","format":"standard","meta":{"footnotes":""},"categories":[9],"tags":[],"class_list":["post-3197","post","type-post","status-publish","format-standard","has-post-thumbnail","hentry","category-espectaculos"],"_links":{"self":[{"href":"https:\/\/xn--huracnpolmicocancnquintanaroo-knc6wmu.com\/index.php?rest_route=\/wp\/v2\/posts\/3197","targetHints":{"allow":["GET"]}}],"collection":[{"href":"https:\/\/xn--huracnpolmicocancnquintanaroo-knc6wmu.com\/index.php?rest_route=\/wp\/v2\/posts"}],"about":[{"href":"https:\/\/xn--huracnpolmicocancnquintanaroo-knc6wmu.com\/index.php?rest_route=\/wp\/v2\/types\/post"}],"author":[{"embeddable":true,"href":"https:\/\/xn--huracnpolmicocancnquintanaroo-knc6wmu.com\/index.php?rest_route=\/wp\/v2\/users\/1"}],"replies":[{"embeddable":true,"href":"https:\/\/xn--huracnpolmicocancnquintanaroo-knc6wmu.com\/index.php?rest_route=%2Fwp%2Fv2%2Fcomments&post=3197"}],"version-history":[{"count":1,"href":"https:\/\/xn--huracnpolmicocancnquintanaroo-knc6wmu.com\/index.php?rest_route=\/wp\/v2\/posts\/3197\/revisions"}],"predecessor-version":[{"id":3199,"href":"https:\/\/xn--huracnpolmicocancnquintanaroo-knc6wmu.com\/index.php?rest_route=\/wp\/v2\/posts\/3197\/revisions\/3199"}],"wp:featuredmedia":[{"embeddable":true,"href":"https:\/\/xn--huracnpolmicocancnquintanaroo-knc6wmu.com\/index.php?rest_route=\/wp\/v2\/media\/3198"}],"wp:attachment":[{"href":"https:\/\/xn--huracnpolmicocancnquintanaroo-knc6wmu.com\/index.php?rest_route=%2Fwp%2Fv2%2Fmedia&parent=3197"}],"wp:term":[{"taxonomy":"category","embeddable":true,"href":"https:\/\/xn--huracnpolmicocancnquintanaroo-knc6wmu.com\/index.php?rest_route=%2Fwp%2Fv2%2Fcategories&post=3197"},{"taxonomy":"post_tag","embeddable":true,"href":"https:\/\/xn--huracnpolmicocancnquintanaroo-knc6wmu.com\/index.php?rest_route=%2Fwp%2Fv2%2Ftags&post=3197"}],"curies":[{"name":"wp","href":"https:\/\/api.w.org\/{rel}","templated":true}]}}