{"id":3203,"date":"2021-04-30T11:14:09","date_gmt":"2021-04-30T11:14:09","guid":{"rendered":"https:\/\/xn--huracnpolmicocancnquintanaroo-knc6wmu.com\/?p=3203"},"modified":"2021-04-30T04:19:36","modified_gmt":"2021-04-30T04:19:36","slug":"viene-caravana-de-zapatistas-a-isla-mujeres-para-zarpar-hacia-europa","status":"publish","type":"post","link":"https:\/\/xn--huracnpolmicocancnquintanaroo-knc6wmu.com\/?p=3203","title":{"rendered":"Viene caravana de Zapatistas a Isla Mujeres para zarpar hacia Europa"},"content":{"rendered":"<p><span class=\"css-901oao css-16my406 r-poiln3 r-bcqeeo r-qvutc0\">Llega delegaci\u00f3n mar\u00edtima\u00a0<\/span><span class=\"css-901oao css-16my406 r-poiln3 r-b88u0q r-bcqeeo r-qvutc0\">zapatista<\/span><span class=\"css-901oao css-16my406 r-poiln3 r-bcqeeo r-qvutc0\">\u00a0a Chablekal,\u00a0<\/span><span class=\"r-18u37iz\">#Yucat\u00e1n<\/span><span class=\"css-901oao css-16my406 r-poiln3 r-bcqeeo r-qvutc0\">\u00a0en caravana desde Chiapas, pas\u00f3 por Campeche, se dirige a las\u00a0<\/span><span class=\"css-901oao css-16my406 r-poiln3 r-b88u0q r-bcqeeo r-qvutc0\">Isla Mujeres<\/span><span class=\"css-901oao css-16my406 r-poiln3 r-bcqeeo r-qvutc0\">\u00a0para zarpar el 3 de mayo rumbo al puerto de Vigo Galicia, estado Espa\u00f1ol. Vienen acompa\u00f1ados del subcomandante Mois\u00e9s.<\/span><\/p>\n<p><img loading=\"lazy\" decoding=\"async\" class=\"alignnone size-full wp-image-249459\" src=\"https:\/\/qroo.s3.amazonaws.com\/wp-content\/uploads\/2021\/04\/29144314\/z4.jpeg\" sizes=\"auto, (max-width: 360px) 100vw, 360px\" srcset=\"https:\/\/qroo.s3.amazonaws.com\/wp-content\/uploads\/2021\/04\/29144314\/z4.jpeg 360w, https:\/\/qroo.s3.amazonaws.com\/wp-content\/uploads\/2021\/04\/29144314\/z4-300x225.jpeg 300w\" alt=\"\" width=\"360\" height=\"270\" \/><\/p>\n<p><span class=\"css-901oao css-16my406 r-poiln3 r-bcqeeo r-qvutc0\">El\u00a0<\/span><span class=\"r-18u37iz\">CNI\u00a0 de Mexico\u00a0<\/span><span class=\"css-901oao css-16my406 r-poiln3 r-bcqeeo r-qvutc0\">informa que tendr\u00e1n reuni\u00f3n en Chablekal con el\u00a0<\/span><span class=\"r-18u37iz\">#Escuadr\u00f3n421<\/span><span class=\"css-901oao css-16my406 r-poiln3 r-bcqeeo r-qvutc0\">\u00a0delegaci\u00f3n mar\u00edtima zapatista para escucharles y afianzar lazos entre mayas peninsulares, CNI pen\u00ednsula de\u00a0<\/span><span class=\"r-18u37iz\">#Yucat\u00e1n<\/span><span class=\"css-901oao css-16my406 r-poiln3 r-bcqeeo r-qvutc0\">, organizaciones y el EZLN para fortalecer procesos de resistencia.<\/span><\/p>\n<p><img loading=\"lazy\" decoding=\"async\" class=\"alignnone size-full wp-image-249458\" src=\"https:\/\/qroo.s3.amazonaws.com\/wp-content\/uploads\/2021\/04\/29144309\/z3.jpeg\" sizes=\"auto, (max-width: 680px) 100vw, 680px\" srcset=\"https:\/\/qroo.s3.amazonaws.com\/wp-content\/uploads\/2021\/04\/29144309\/z3.jpeg 680w, https:\/\/qroo.s3.amazonaws.com\/wp-content\/uploads\/2021\/04\/29144309\/z3-300x225.jpeg 300w\" alt=\"\" width=\"680\" height=\"510\" \/><\/p>\n<p>En todo momento la caravana va acompa\u00f1ada de misiones de observaci\u00f3n de derechos humanos nacional e internacional, medios libres, y algunos medios nacionales e internacionales.<\/p>\n<p><img loading=\"lazy\" decoding=\"async\" class=\"alignnone size-full wp-image-249457\" src=\"https:\/\/qroo.s3.amazonaws.com\/wp-content\/uploads\/2021\/04\/29144304\/z2.jpeg\" sizes=\"auto, (max-width: 360px) 100vw, 360px\" srcset=\"https:\/\/qroo.s3.amazonaws.com\/wp-content\/uploads\/2021\/04\/29144304\/z2.jpeg 360w, https:\/\/qroo.s3.amazonaws.com\/wp-content\/uploads\/2021\/04\/29144304\/z2-300x225.jpeg 300w\" alt=\"\" width=\"360\" height=\"270\" \/><\/p>\n<p>El Barco \u201cLa Monta\u00f1a\u201d inicia desde Isla Mujeres, M\u00e9xico un viaje a Europa cargado de elementos Zapatistas (Activistas del Ej\u00e9rcito Zapatista de Liberaci\u00f3n Nacional) Entre ellos van 4 mujeres y 2 hombres que se dicen descendientes de los mayas. Visitar\u00e1n Euskal Herria, Catalunya, Italia, Grecia y otras periferias de Europa.<\/p>\n","protected":false},"excerpt":{"rendered":"<p>Llega delegaci\u00f3n mar\u00edtima\u00a0zapatista\u00a0a Chablekal,\u00a0#Yucat\u00e1n\u00a0en caravana desde Chiapas, pas\u00f3 por Campeche, se dirige a las\u00a0Isla Mujeres\u00a0para&#8230;<\/p>\n","protected":false},"author":1,"featured_media":3204,"comment_status":"open","ping_status":"open","sticky":false,"template":"","format":"standard","meta":{"footnotes":""},"categories":[12],"tags":[],"class_list":["post-3203","post","type-post","status-publish","format-standard","has-post-thumbnail","hentry","category-nacional"],"_links":{"self":[{"href":"https:\/\/xn--huracnpolmicocancnquintanaroo-knc6wmu.com\/index.php?rest_route=\/wp\/v2\/posts\/3203","targetHints":{"allow":["GET"]}}],"collection":[{"href":"https:\/\/xn--huracnpolmicocancnquintanaroo-knc6wmu.com\/index.php?rest_route=\/wp\/v2\/posts"}],"about":[{"href":"https:\/\/xn--huracnpolmicocancnquintanaroo-knc6wmu.com\/index.php?rest_route=\/wp\/v2\/types\/post"}],"author":[{"embeddable":true,"href":"https:\/\/xn--huracnpolmicocancnquintanaroo-knc6wmu.com\/index.php?rest_route=\/wp\/v2\/users\/1"}],"replies":[{"embeddable":true,"href":"https:\/\/xn--huracnpolmicocancnquintanaroo-knc6wmu.com\/index.php?rest_route=%2Fwp%2Fv2%2Fcomments&post=3203"}],"version-history":[{"count":1,"href":"https:\/\/xn--huracnpolmicocancnquintanaroo-knc6wmu.com\/index.php?rest_route=\/wp\/v2\/posts\/3203\/revisions"}],"predecessor-version":[{"id":3205,"href":"https:\/\/xn--huracnpolmicocancnquintanaroo-knc6wmu.com\/index.php?rest_route=\/wp\/v2\/posts\/3203\/revisions\/3205"}],"wp:featuredmedia":[{"embeddable":true,"href":"https:\/\/xn--huracnpolmicocancnquintanaroo-knc6wmu.com\/index.php?rest_route=\/wp\/v2\/media\/3204"}],"wp:attachment":[{"href":"https:\/\/xn--huracnpolmicocancnquintanaroo-knc6wmu.com\/index.php?rest_route=%2Fwp%2Fv2%2Fmedia&parent=3203"}],"wp:term":[{"taxonomy":"category","embeddable":true,"href":"https:\/\/xn--huracnpolmicocancnquintanaroo-knc6wmu.com\/index.php?rest_route=%2Fwp%2Fv2%2Fcategories&post=3203"},{"taxonomy":"post_tag","embeddable":true,"href":"https:\/\/xn--huracnpolmicocancnquintanaroo-knc6wmu.com\/index.php?rest_route=%2Fwp%2Fv2%2Ftags&post=3203"}],"curies":[{"name":"wp","href":"https:\/\/api.w.org\/{rel}","templated":true}]}}