{"id":3227,"date":"2021-05-01T11:03:13","date_gmt":"2021-05-01T11:03:13","guid":{"rendered":"https:\/\/xn--huracnpolmicocancnquintanaroo-knc6wmu.com\/?p=3227"},"modified":"2021-05-01T04:06:11","modified_gmt":"2021-05-01T04:06:11","slug":"house-of-the-dragon-la-precuela-de-game-of-thrones-ha-comenzado-su-produccion-2","status":"publish","type":"post","link":"https:\/\/xn--huracnpolmicocancnquintanaroo-knc6wmu.com\/?p=3227","title":{"rendered":"\u2018House of the Dragon\u2019, la precuela de \u2018Game of Thrones\u2019, ha comenzado su producci\u00f3n"},"content":{"rendered":"<p>HBO dio a conocer que ya se est\u00e1 trabajando en la producci\u00f3n de\u00a0<em>House of the Dragon<\/em>. La noticia fue compartida en la cuenta oficial de Game of Thrones, la primera parte del mundo creado por George R.R. Martin para la saga\u00a0<em>A Song of Ice and Fire<\/em>, el anuncio sorpresa lleg\u00f3 lleno de expectativas despu\u00e9s de que hace un tiempo se confirmara la realizaci\u00f3n de la serie. A trav\u00e9s de un tweet, la cuenta de Twitter alert\u00f3 que algo ven\u00eda algo en camino, horas m\u00e1s tarde se revelaron las primeras fotograf\u00edas de los actores que interpretar\u00e1n la pr\u00f3xima serie de la compa\u00f1\u00eda haciendo la tradicional lectura de gui\u00f3n correspondiente para dar inicio a la producci\u00f3n.<\/p>\n<p>La trama de\u00a0<em>House of the Dragon<\/em>\u00a0se desarrolla 300 a\u00f1os antes de los eventos ocurridos en\u00a0<em>Game of Thrones<\/em>, se centra espec\u00edficamente en la historia del linaje de los Targaryen, quienes tendr\u00e1n que lidiar contra ellos mismos, dragones y el destino del Trono de Hierro. La serie est\u00e1 prevista para ser estrenada en 2022 y hace unos meses se comenz\u00f3 a confirmar al elenco protagonista, dentro del cual destacan Paddy Considine como el Rey Viserys Targaryen, Olivia Cooke interpretando a Alicent Hightower, Emma D\u2019Arcy como la Princesa Rhaenyra Targaryen y Matt Smith como el Pr\u00edncipe Daemon Targaryen; el \u00faltimo en sumarse al proyecto fue Fabien Frankel como Ser Criston Cole, el cual fue\u00a0<a class=\"rank-math-link\" href=\"https:\/\/georgerrmartin.com\/notablog\/\" target=\"_blank\" rel=\"noreferrer noopener nofollow\" aria-label=\"presentad (opens in a new tab)\">presentado<\/a>\u00a0por el mismo George R.R. Martin.<\/p>\n<p><em>House of the Dragon\u00a0<\/em>estar\u00e1 dirigida por Ryan Condal y Miguel Sapochnik, este \u00faltimo ya hab\u00eda participado en la franquicia por haber dirigido el episodio \u00abLa batalla de los bastardos\u00bb, considerado como uno de los mejores dentro de\u00a0<em>Game of Thrones<\/em>. Sin embargo, George R.R. Martin seguir\u00e1 muy cerca el proyecto como productor ejecutivo, en el pasado el escritor de la serie de libros declar\u00f3 que su participaci\u00f3n era incierta hasta cierto punto.\u00bbPero d\u00e9jenme dejar esto perfectamente claro, no voy a aceptar ning\u00fan gui\u00f3n hasta que haya terminado y entregado\u00a0<em>Winter Winds<\/em>. El invierno a\u00fan est\u00e1 por llegar, y\u00a0<em>Winds<\/em>\u00a0sigue siendo mi prioridad, por mucho que me gustar\u00eda escribir un episodio de\u00a0<em>House of the Dragon<\/em>\u00ab, agreg\u00f3.<\/p>\n<p>Hace una semana comenzaron los rumores de que la filmaci\u00f3n hab\u00eda comenzado en Inglaterra, habitantes de la zona vieron a parte del equipo revisando las locaciones y se pens\u00f3 que parte del reparto tambi\u00e9n estuvo presente, sin embargo, con el anuncio de HBO solo se confirma que los preparativos para el rodaje han comenzado, pero no la grabaci\u00f3n de los 10 episodios con los que contar\u00e1\u00a0<em>House of the Dragon<\/em>\u00a0para su primer temporada confirmada.<\/p>\n<figure class=\"wp-block-embed is-type-rich is-provider-twitter wp-block-embed-twitter\">\n<div class=\"wp-block-embed__wrapper\">\n<div class=\"twitter-tweet twitter-tweet-rendered\"><iframe id=\"twitter-widget-0\" class=\"\" title=\"Twitter Tweet\" src=\"https:\/\/platform.twitter.com\/embed\/Tweet.html?creatorScreenName=RollingStoneMX&amp;dnt=true&amp;embedId=twitter-widget-0&amp;features=eyJ0ZndfZXhwZXJpbWVudHNfY29va2llX2V4cGlyYXRpb24iOnsiYnVja2V0IjoxMjA5NjAwLCJ2ZXJzaW9uIjpudWxsfSwidGZ3X2hvcml6b25fdHdlZXRfZW1iZWRfOTU1NSI6eyJidWNrZXQiOiJodGUiLCJ2ZXJzaW9uIjpudWxsfX0%3D&amp;frame=false&amp;hideCard=false&amp;hideThread=false&amp;id=1386727531018166275&amp;lang=es&amp;origin=https%3A%2F%2Fwww.rollingstone.com.mx%2Fgame-of-thrones-house-of-dragon-produccion%2F&amp;sessionId=39a6aa28a2e62fe89971144495a329f6ad86b15e&amp;siteScreenName=RollingStoneMX&amp;theme=light&amp;widgetsVersion=82e1070%3A1619632193066&amp;width=550px\" frameborder=\"0\" scrolling=\"no\" allowfullscreen=\"allowfullscreen\" data-tweet-id=\"1386727531018166275\" data-mce-fragment=\"1\"><\/iframe><\/div>\n<\/div>\n<\/figure>\n<p>Tambi\u00e9n se ha reportado que\u00a0<em>House of the Dragon<\/em>\u00a0se distinguir\u00e1 de\u00a0<em>Game of Thrones<\/em>\u00a0por marcar la diferencia en uno de los temas que fue criticada esta \u00faltima en sus primeras temporadas, la violencia gr\u00e1fica contra los personajes femeninos. Olivia Cooke habl\u00f3 con\u00a0The Telegraph\u00a0acerca de esto y expres\u00f3 que ella no formar\u00eda parte del elenco si las cosas no hubieran cambiado. \u00abTuve la suerte de leer el gui\u00f3n antes, y ha cambiado mucho respecto a las primeras temporadas de\u00a0<em>Game of Thrones<\/em>. No creo que est\u00e9n en su sano juicio para incluir nada de eso ya\u00bb, dijo la actriz.<\/p>\n<p><em>House of the Dragon\u00a0<\/em>ser\u00e1 el primer proyecto de los seis que se tienen planeados para la franquicia de George R.R. Martin, algunos de estos son la historia de la reina guerrera Nymeria, un musical con los personajes de\u00a0<em>Game of Thrones<\/em>\u00a0y una serie animada.\u00a0A\u00fan se desconoce la fecha de estreno oficial de la serie, pero esta comenzar\u00e1 a transmitirse en HBO hasta el pr\u00f3ximo a\u00f1o.<\/p>\n","protected":false},"excerpt":{"rendered":"<p>HBO dio a conocer que ya se est\u00e1 trabajando en la producci\u00f3n de\u00a0House of the&#8230;<\/p>\n","protected":false},"author":1,"featured_media":3228,"comment_status":"open","ping_status":"open","sticky":false,"template":"","format":"standard","meta":{"footnotes":""},"categories":[9],"tags":[],"class_list":["post-3227","post","type-post","status-publish","format-standard","has-post-thumbnail","hentry","category-espectaculos"],"_links":{"self":[{"href":"https:\/\/xn--huracnpolmicocancnquintanaroo-knc6wmu.com\/index.php?rest_route=\/wp\/v2\/posts\/3227","targetHints":{"allow":["GET"]}}],"collection":[{"href":"https:\/\/xn--huracnpolmicocancnquintanaroo-knc6wmu.com\/index.php?rest_route=\/wp\/v2\/posts"}],"about":[{"href":"https:\/\/xn--huracnpolmicocancnquintanaroo-knc6wmu.com\/index.php?rest_route=\/wp\/v2\/types\/post"}],"author":[{"embeddable":true,"href":"https:\/\/xn--huracnpolmicocancnquintanaroo-knc6wmu.com\/index.php?rest_route=\/wp\/v2\/users\/1"}],"replies":[{"embeddable":true,"href":"https:\/\/xn--huracnpolmicocancnquintanaroo-knc6wmu.com\/index.php?rest_route=%2Fwp%2Fv2%2Fcomments&post=3227"}],"version-history":[{"count":1,"href":"https:\/\/xn--huracnpolmicocancnquintanaroo-knc6wmu.com\/index.php?rest_route=\/wp\/v2\/posts\/3227\/revisions"}],"predecessor-version":[{"id":3229,"href":"https:\/\/xn--huracnpolmicocancnquintanaroo-knc6wmu.com\/index.php?rest_route=\/wp\/v2\/posts\/3227\/revisions\/3229"}],"wp:featuredmedia":[{"embeddable":true,"href":"https:\/\/xn--huracnpolmicocancnquintanaroo-knc6wmu.com\/index.php?rest_route=\/wp\/v2\/media\/3228"}],"wp:attachment":[{"href":"https:\/\/xn--huracnpolmicocancnquintanaroo-knc6wmu.com\/index.php?rest_route=%2Fwp%2Fv2%2Fmedia&parent=3227"}],"wp:term":[{"taxonomy":"category","embeddable":true,"href":"https:\/\/xn--huracnpolmicocancnquintanaroo-knc6wmu.com\/index.php?rest_route=%2Fwp%2Fv2%2Fcategories&post=3227"},{"taxonomy":"post_tag","embeddable":true,"href":"https:\/\/xn--huracnpolmicocancnquintanaroo-knc6wmu.com\/index.php?rest_route=%2Fwp%2Fv2%2Ftags&post=3227"}],"curies":[{"name":"wp","href":"https:\/\/api.w.org\/{rel}","templated":true}]}}