{"id":3231,"date":"2021-05-02T11:22:21","date_gmt":"2021-05-02T11:22:21","guid":{"rendered":"https:\/\/xn--huracnpolmicocancnquintanaroo-knc6wmu.com\/?p=3231"},"modified":"2021-05-01T20:29:54","modified_gmt":"2021-05-01T20:29:54","slug":"esperan-padres-de-familia-reinicio-de-clases-presenciales-en-tres-meses","status":"publish","type":"post","link":"https:\/\/xn--huracnpolmicocancnquintanaroo-knc6wmu.com\/?p=3231","title":{"rendered":"Esperan padres de familia reinicio de clases presenciales en tres meses"},"content":{"rendered":"<p>Esperan padres de familia reinicio de\u00a0clases presenciales\u00a0en tres meses, si bien ya se est\u00e1n realizando acciones de recuperaci\u00f3n de escuelas en Quintana Roo, el regreso al color naranja del sem\u00e1foro epidemiol\u00f3gico alarga las posibilidades de volver a las aulas.<\/p>\n<div class=\"afw afw_custom  afw_ad afwadid-267205  \" data-ad-id=\"267205\">\n<div id=\"div-gpt-ad-1571779814198-0\" data-google-query-id=\"CO6Z982oqfACFUjn4QodUnAK6Q\">\n<div id=\"google_ads_iframe_\/121287434\/web750_0__container__\">No obstante, la Asociaci\u00f3n de Padres de Familia, espera que pese a esta circunstancia, esto se pueda dar en los pr\u00f3ximos 3 meses.<\/div>\n<\/div>\n<\/div>\n<p>Aunque fue hace un mes cuando la Asociaci\u00f3n de Padres de Familia en Quintana Roo, inici\u00f3 con la limpieza y rescate de los espacios educativos en los diferentes municipios para un posible regreso a clases presenciales, el anuncio del retroceso en el sem\u00e1foro epidemiol\u00f3gico tanto estatal como federal, podr\u00eda alargar el tiempo de confinamiento.<\/p>\n<p>Sin embargo, Sergio Acosta Manzanero, presidente de dicha asociaci\u00f3n estatal, refiri\u00f3 que los trabajos de rescate de los planteles educativos, y las reuniones para definir los procesos de regreso a clases presenciales, no pueden parar.<\/p>\n<p><img loading=\"lazy\" decoding=\"async\" class=\"aligncenter wp-image-279432 size-full\" src=\"https:\/\/turquesanews.mx\/wp-content\/uploads\/2021\/04\/Clases-presenciales-2.jpg.webp\" sizes=\"auto, (max-width: 1200px) 100vw, 1200px\" srcset=\"https:\/\/turquesanews.mx\/wp-content\/uploads\/2021\/04\/Clases-presenciales-2.jpg.webp 1200w, https:\/\/turquesanews.mx\/wp-content\/uploads\/2021\/04\/Clases-presenciales-2-300x185.jpg.webp 300w, https:\/\/turquesanews.mx\/wp-content\/uploads\/2021\/04\/Clases-presenciales-2-768x474.jpg.webp 768w\" width=\"1200\" height=\"740\" \/><\/p>\n<p>Dijo que el regreso a clases ser\u00e1 de manera mixta, por lo que s\u00f3lo habr\u00e1 de 10 a 12 ni\u00f1os por d\u00eda en el aula con protocolos de higiene, por lo que est\u00e1n recorriendo los municipios del estado<br \/>\ny acordando con los comit\u00e9s de padres de familia, c\u00f3mo ser\u00e1n los trabajos de limpieza, haciendo inventario de los da\u00f1os.<\/p>\n<p>Se\u00f1al\u00f3 en ese sentido que las zonas rurales son donde las escuelas est\u00e1n mejor cuidadas, gracias al apoyo de padres de familia, no as\u00ed en las urbanas donde han sido vandalizadas y se sabe de 150 escuelas da\u00f1adas.<\/p>\n<p>Pese a ello y del retroceso en el sem\u00e1foro epidemiol\u00f3gico dijo que esperan que las cosas mejoren y dentro de tres meses puedan regresar a clases presenciales.<\/p>\n","protected":false},"excerpt":{"rendered":"<p>Esperan padres de familia reinicio de\u00a0clases presenciales\u00a0en tres meses, si bien ya se est\u00e1n realizando&#8230;<\/p>\n","protected":false},"author":1,"featured_media":3232,"comment_status":"open","ping_status":"open","sticky":false,"template":"","format":"standard","meta":{"footnotes":""},"categories":[2],"tags":[],"class_list":["post-3231","post","type-post","status-publish","format-standard","has-post-thumbnail","hentry","category-local"],"_links":{"self":[{"href":"https:\/\/xn--huracnpolmicocancnquintanaroo-knc6wmu.com\/index.php?rest_route=\/wp\/v2\/posts\/3231","targetHints":{"allow":["GET"]}}],"collection":[{"href":"https:\/\/xn--huracnpolmicocancnquintanaroo-knc6wmu.com\/index.php?rest_route=\/wp\/v2\/posts"}],"about":[{"href":"https:\/\/xn--huracnpolmicocancnquintanaroo-knc6wmu.com\/index.php?rest_route=\/wp\/v2\/types\/post"}],"author":[{"embeddable":true,"href":"https:\/\/xn--huracnpolmicocancnquintanaroo-knc6wmu.com\/index.php?rest_route=\/wp\/v2\/users\/1"}],"replies":[{"embeddable":true,"href":"https:\/\/xn--huracnpolmicocancnquintanaroo-knc6wmu.com\/index.php?rest_route=%2Fwp%2Fv2%2Fcomments&post=3231"}],"version-history":[{"count":1,"href":"https:\/\/xn--huracnpolmicocancnquintanaroo-knc6wmu.com\/index.php?rest_route=\/wp\/v2\/posts\/3231\/revisions"}],"predecessor-version":[{"id":3233,"href":"https:\/\/xn--huracnpolmicocancnquintanaroo-knc6wmu.com\/index.php?rest_route=\/wp\/v2\/posts\/3231\/revisions\/3233"}],"wp:featuredmedia":[{"embeddable":true,"href":"https:\/\/xn--huracnpolmicocancnquintanaroo-knc6wmu.com\/index.php?rest_route=\/wp\/v2\/media\/3232"}],"wp:attachment":[{"href":"https:\/\/xn--huracnpolmicocancnquintanaroo-knc6wmu.com\/index.php?rest_route=%2Fwp%2Fv2%2Fmedia&parent=3231"}],"wp:term":[{"taxonomy":"category","embeddable":true,"href":"https:\/\/xn--huracnpolmicocancnquintanaroo-knc6wmu.com\/index.php?rest_route=%2Fwp%2Fv2%2Fcategories&post=3231"},{"taxonomy":"post_tag","embeddable":true,"href":"https:\/\/xn--huracnpolmicocancnquintanaroo-knc6wmu.com\/index.php?rest_route=%2Fwp%2Fv2%2Ftags&post=3231"}],"curies":[{"name":"wp","href":"https:\/\/api.w.org\/{rel}","templated":true}]}}