{"id":3240,"date":"2021-05-02T11:55:58","date_gmt":"2021-05-02T11:55:58","guid":{"rendered":"https:\/\/xn--huracnpolmicocancnquintanaroo-knc6wmu.com\/?p=3240"},"modified":"2021-05-01T20:59:20","modified_gmt":"2021-05-01T20:59:20","slug":"marc-marquez-sufre-impactante-caida-en-practicas-del-motogp-de-espana","status":"publish","type":"post","link":"https:\/\/xn--huracnpolmicocancnquintanaroo-knc6wmu.com\/?p=3240","title":{"rendered":"Marc M\u00e1rquez sufre impactante ca\u00edda en pr\u00e1cticas del MotoGP de Espa\u00f1a"},"content":{"rendered":"<p><strong>Marc M\u00e1rquez (Honda)<\/strong>\u00a0<strong>sufri\u00f3 una dura ca\u00edda<\/strong>\u00a0este s\u00e1bado en los\u00a0<strong>entrenamientos<\/strong>\u00a0libres 3 del\u00a0<strong>GP de Espa\u00f1a de MotoGP<\/strong>\u00a0en Jerez, donde ya se lesion\u00f3 en 2020 perdi\u00e9ndose toda la temporada, mientras el japon\u00e9s Takaaki Nakagami (Honda-LCR) hizo el mejor tiempo.<\/p>\n<div class=\"insert-post-ads\">\n<div id=\"smart-video\"><strong>M\u00e1rquez,<\/strong>\u00a0siete veces campe\u00f3n del mundo de\u00a0<strong>MotoGP,<\/strong>\u00a0se levant\u00f3, pero pareci\u00f3 algo aturdido durante unos momentos tras su ca\u00edda en una curva a izquierda a alta velocidad.<\/div>\n<\/div>\n<p>El espa\u00f1ol, que regres\u00f3 a la competici\u00f3n en el anterior<strong>\u00a0GP de Portugal<\/strong>\u00a0el 18 de abril tras nueve meses de ausencia y tres operaciones en el brazo derecho, cay\u00f3 sobre su brazo izquierdo. Aunque se levant\u00f3 pronto, el impacto psicol\u00f3gico puede ser importante en su actual fase de regreso.<\/p>\n<p>\u00abTodo bien, ha sido un susto\u00bb, dijo\u00a0<strong>M\u00e1rquez<\/strong>\u00a0a la televisi\u00f3n Dazn, tras pasar por la cl\u00ednica del circuito, despu\u00e9s de haber vuelto por su pie al paddock.<\/p>\n<div class=\"twitter-tweet twitter-tweet-rendered\"><iframe id=\"twitter-widget-0\" class=\"\" title=\"Twitter Tweet\" src=\"https:\/\/platform.twitter.com\/embed\/Tweet.html?creatorScreenName=estoenlinea&amp;dnt=false&amp;embedId=twitter-widget-0&amp;features=eyJ0ZndfZXhwZXJpbWVudHNfY29va2llX2V4cGlyYXRpb24iOnsiYnVja2V0IjoxMjA5NjAwLCJ2ZXJzaW9uIjpudWxsfSwidGZ3X2hvcml6b25fdHdlZXRfZW1iZWRfOTU1NSI6eyJidWNrZXQiOiJodGUiLCJ2ZXJzaW9uIjpudWxsfX0%3D&amp;frame=false&amp;hideCard=false&amp;hideThread=false&amp;id=1388418785355390977&amp;lang=en&amp;origin=https%3A%2F%2Fwww.esto.com.mx%2F539672-video-marc-marquez-sufre-impactante-caida-en-practicas-del-motogp-de-espana%2F&amp;sessionId=57f5797b796f7c5af7efbf2f3e9b2a3356baf016&amp;siteScreenName=estoenlinea&amp;theme=light&amp;widgetsVersion=82e1070%3A1619632193066&amp;width=550px\" frameborder=\"0\" scrolling=\"no\" allowfullscreen=\"allowfullscreen\" data-tweet-id=\"1388418785355390977\" data-mce-fragment=\"1\"><\/iframe><\/div>\n<p>El espa\u00f1ol no pudo acabar su vuelta r\u00e1pida y hacer un tiempo que lo metiera entre los diez primeros. Tiene el 12\u00ba mejor tiempo combinado de las tres primeras sesiones de entrenamientos libres.<\/p>\n<p>En la clasificaci\u00f3n combinada de las dos sesiones del viernes y la del s\u00e1bado, Nakagami aventaja gracias a un gran crono (1:36.985) en 25 mil\u00e9simas al franc\u00e9s\u00a0<strong>Fabio Quartararo<\/strong>\u00a0(Yamaha), l\u00edder del campeonato del mundo, y en 41 mil\u00e9simas al alem\u00e1n Stefan Bradl (Honda).<\/p>\n<p>Adem\u00e1s, este s\u00e1bado, el espa\u00f1ol Joan Mir (Suzuki), vigente campe\u00f3n del mundo, marc\u00f3 el 4\u00ba mejor tiempo por delante de su compatriota Aleix Espargar\u00f3 (Aprilia), tambi\u00e9n muy cerca.<\/p>\n<p>Por detr\u00e1s, el italiano\u00a0<strong>Francesco Bagnaia<\/strong>\u00a0(Ducati), segundo en el Mundial, hizo el 8\u00ba mejor tiempo y se asegur\u00f3 una plaza en la segunda sesi\u00f3n de clasificaci\u00f3n (Q2), en la que se distribuyen las diez primeras plazas de la parrilla de salida.<\/p>\n<p>S\u00f3lo los diez primeros de las tres primeras sesiones de entrenamientos libres se clasifican directamente para la Q2, teniendo que pasar el resto por una repesca (Q1)<\/p>\n","protected":false},"excerpt":{"rendered":"<p>Marc M\u00e1rquez (Honda)\u00a0sufri\u00f3 una dura ca\u00edda\u00a0este s\u00e1bado en los\u00a0entrenamientos\u00a0libres 3 del\u00a0GP de Espa\u00f1a de MotoGP\u00a0en&#8230;<\/p>\n","protected":false},"author":1,"featured_media":3241,"comment_status":"open","ping_status":"open","sticky":false,"template":"","format":"standard","meta":{"footnotes":""},"categories":[6],"tags":[],"class_list":["post-3240","post","type-post","status-publish","format-standard","has-post-thumbnail","hentry","category-deportes"],"_links":{"self":[{"href":"https:\/\/xn--huracnpolmicocancnquintanaroo-knc6wmu.com\/index.php?rest_route=\/wp\/v2\/posts\/3240","targetHints":{"allow":["GET"]}}],"collection":[{"href":"https:\/\/xn--huracnpolmicocancnquintanaroo-knc6wmu.com\/index.php?rest_route=\/wp\/v2\/posts"}],"about":[{"href":"https:\/\/xn--huracnpolmicocancnquintanaroo-knc6wmu.com\/index.php?rest_route=\/wp\/v2\/types\/post"}],"author":[{"embeddable":true,"href":"https:\/\/xn--huracnpolmicocancnquintanaroo-knc6wmu.com\/index.php?rest_route=\/wp\/v2\/users\/1"}],"replies":[{"embeddable":true,"href":"https:\/\/xn--huracnpolmicocancnquintanaroo-knc6wmu.com\/index.php?rest_route=%2Fwp%2Fv2%2Fcomments&post=3240"}],"version-history":[{"count":1,"href":"https:\/\/xn--huracnpolmicocancnquintanaroo-knc6wmu.com\/index.php?rest_route=\/wp\/v2\/posts\/3240\/revisions"}],"predecessor-version":[{"id":3242,"href":"https:\/\/xn--huracnpolmicocancnquintanaroo-knc6wmu.com\/index.php?rest_route=\/wp\/v2\/posts\/3240\/revisions\/3242"}],"wp:featuredmedia":[{"embeddable":true,"href":"https:\/\/xn--huracnpolmicocancnquintanaroo-knc6wmu.com\/index.php?rest_route=\/wp\/v2\/media\/3241"}],"wp:attachment":[{"href":"https:\/\/xn--huracnpolmicocancnquintanaroo-knc6wmu.com\/index.php?rest_route=%2Fwp%2Fv2%2Fmedia&parent=3240"}],"wp:term":[{"taxonomy":"category","embeddable":true,"href":"https:\/\/xn--huracnpolmicocancnquintanaroo-knc6wmu.com\/index.php?rest_route=%2Fwp%2Fv2%2Fcategories&post=3240"},{"taxonomy":"post_tag","embeddable":true,"href":"https:\/\/xn--huracnpolmicocancnquintanaroo-knc6wmu.com\/index.php?rest_route=%2Fwp%2Fv2%2Ftags&post=3240"}],"curies":[{"name":"wp","href":"https:\/\/api.w.org\/{rel}","templated":true}]}}