{"id":3261,"date":"2021-05-04T11:09:40","date_gmt":"2021-05-04T11:09:40","guid":{"rendered":"https:\/\/xn--huracnpolmicocancnquintanaroo-knc6wmu.com\/?p=3261"},"modified":"2021-05-04T08:17:40","modified_gmt":"2021-05-04T08:17:40","slug":"regreso-a-semaforo-naranja-complica-regreso-a-clases-presenciales-seq","status":"publish","type":"post","link":"https:\/\/xn--huracnpolmicocancnquintanaroo-knc6wmu.com\/?p=3261","title":{"rendered":"Regreso a sem\u00e1foro naranja complica regreso a clases presenciales: SEQ"},"content":{"rendered":"<p>Regreso a sem\u00e1foro naranja complica regreso a clases presenciales: SEQ, el retroceso en el\u00a0Sem\u00e1foro de Riesgo Epidemiol\u00f3gico\u00a0desacelerar\u00e1 los planes del regreso a clases presenciales, advirti\u00f3 la secretaria de educaci\u00f3n en la entidad Ana Isabel V\u00e1zquez Jim\u00e9nez.<\/p>\n<div class=\"afw afw_custom  afw_ad afwadid-267205  \" data-ad-id=\"267205\">\n<div id=\"div-gpt-ad-1571779814198-0\" data-google-query-id=\"COOL2drKr_ACFTHh4QodBvMNxA\">\n<div id=\"google_ads_iframe_\/121287434\/web750_0__container__\">El retroceso en el sem\u00e1foro epidemiol\u00f3gico, para Quintana Roo al color naranja complica las cosas en todos los sentidos y sectores incluido el educativo, se\u00f1al\u00f3 la secretaria de Educaci\u00f3n en la entidad Ana Isabel V\u00e1zquez Jim\u00e9nez.<\/div>\n<\/div>\n<\/div>\n<p>Durante el 2do D\u00eda Foro Virtual \u201cConectando mi Futuro\u201d organizado por diversas asociaciones civiles, dijo que regresar a este color alarga el proceso de regreso a las aulas.<\/p>\n<p><img loading=\"lazy\" decoding=\"async\" class=\"aligncenter wp-image-280164 size-full\" src=\"https:\/\/turquesanews.mx\/wp-content\/uploads\/2021\/05\/Aulas-vacias.jpg.webp\" sizes=\"auto, (max-width: 732px) 100vw, 732px\" srcset=\"https:\/\/turquesanews.mx\/wp-content\/uploads\/2021\/05\/Aulas-vacias.jpg.webp 732w, https:\/\/turquesanews.mx\/wp-content\/uploads\/2021\/05\/Aulas-vacias-300x225.jpg.webp 300w\" width=\"732\" height=\"549\" \/><\/p>\n<p>Pues si bien hab\u00eda incluso planes de que los alumnos de universidades pudieran regresar a tareas presenciales para sus pr\u00e1cticas, o uso de laboratorios y talleres esto solo se puede lograr en color amarillo.<\/p>\n<p><img loading=\"lazy\" decoding=\"async\" class=\"aligncenter wp-image-280165 size-full\" src=\"https:\/\/turquesanews.mx\/wp-content\/uploads\/2021\/05\/Semaforo-amariloo-Q-Roo.jpeg.webp\" sizes=\"auto, (max-width: 337px) 100vw, 337px\" srcset=\"https:\/\/turquesanews.mx\/wp-content\/uploads\/2021\/05\/Semaforo-amariloo-Q-Roo.jpeg.webp 337w, https:\/\/turquesanews.mx\/wp-content\/uploads\/2021\/05\/Semaforo-amariloo-Q-Roo-218x300.jpeg.webp 218w\" width=\"337\" height=\"464\" \/><\/p>\n<p>Dijo que la buena noticia es que, a finales de este mes de mayo, se estima que todo el personal educativo est\u00e9 vacunado, y aunque a\u00fan no haya una fecha precisa para el retorno a las aulas, esto permitir\u00e1 que cuando ese d\u00eda llegue, el proceso pueda ser m\u00e1s f\u00e1cil.<\/p>\n","protected":false},"excerpt":{"rendered":"<p>Regreso a sem\u00e1foro naranja complica regreso a clases presenciales: SEQ, el retroceso en el\u00a0Sem\u00e1foro de&#8230;<\/p>\n","protected":false},"author":1,"featured_media":3263,"comment_status":"open","ping_status":"open","sticky":false,"template":"","format":"standard","meta":{"footnotes":""},"categories":[2],"tags":[],"class_list":["post-3261","post","type-post","status-publish","format-standard","has-post-thumbnail","hentry","category-local"],"_links":{"self":[{"href":"https:\/\/xn--huracnpolmicocancnquintanaroo-knc6wmu.com\/index.php?rest_route=\/wp\/v2\/posts\/3261","targetHints":{"allow":["GET"]}}],"collection":[{"href":"https:\/\/xn--huracnpolmicocancnquintanaroo-knc6wmu.com\/index.php?rest_route=\/wp\/v2\/posts"}],"about":[{"href":"https:\/\/xn--huracnpolmicocancnquintanaroo-knc6wmu.com\/index.php?rest_route=\/wp\/v2\/types\/post"}],"author":[{"embeddable":true,"href":"https:\/\/xn--huracnpolmicocancnquintanaroo-knc6wmu.com\/index.php?rest_route=\/wp\/v2\/users\/1"}],"replies":[{"embeddable":true,"href":"https:\/\/xn--huracnpolmicocancnquintanaroo-knc6wmu.com\/index.php?rest_route=%2Fwp%2Fv2%2Fcomments&post=3261"}],"version-history":[{"count":1,"href":"https:\/\/xn--huracnpolmicocancnquintanaroo-knc6wmu.com\/index.php?rest_route=\/wp\/v2\/posts\/3261\/revisions"}],"predecessor-version":[{"id":3264,"href":"https:\/\/xn--huracnpolmicocancnquintanaroo-knc6wmu.com\/index.php?rest_route=\/wp\/v2\/posts\/3261\/revisions\/3264"}],"wp:featuredmedia":[{"embeddable":true,"href":"https:\/\/xn--huracnpolmicocancnquintanaroo-knc6wmu.com\/index.php?rest_route=\/wp\/v2\/media\/3263"}],"wp:attachment":[{"href":"https:\/\/xn--huracnpolmicocancnquintanaroo-knc6wmu.com\/index.php?rest_route=%2Fwp%2Fv2%2Fmedia&parent=3261"}],"wp:term":[{"taxonomy":"category","embeddable":true,"href":"https:\/\/xn--huracnpolmicocancnquintanaroo-knc6wmu.com\/index.php?rest_route=%2Fwp%2Fv2%2Fcategories&post=3261"},{"taxonomy":"post_tag","embeddable":true,"href":"https:\/\/xn--huracnpolmicocancnquintanaroo-knc6wmu.com\/index.php?rest_route=%2Fwp%2Fv2%2Ftags&post=3261"}],"curies":[{"name":"wp","href":"https:\/\/api.w.org\/{rel}","templated":true}]}}