{"id":3278,"date":"2021-05-05T11:33:48","date_gmt":"2021-05-05T11:33:48","guid":{"rendered":"https:\/\/xn--huracnpolmicocancnquintanaroo-knc6wmu.com\/?p=3278"},"modified":"2021-05-05T05:37:17","modified_gmt":"2021-05-05T05:37:17","slug":"iba-a-morir-sobreviviente-de-la-linea-12-del-metro","status":"publish","type":"post","link":"https:\/\/xn--huracnpolmicocancnquintanaroo-knc6wmu.com\/?p=3278","title":{"rendered":"\u201cIba a morir\u201d, sobreviviente de la L\u00ednea 12 del Metro"},"content":{"rendered":"<p>Erick Bravo, de 34 a\u00f1os, regresaba de trabajar, pero no sab\u00eda que se convertir\u00eda en el sobreviviente de la L\u00ednea 12 del Metro, la cual fue una tragedia que dej\u00f3 24 muertos y 78 heridos en la Ciudad de M\u00e9xico.<\/p>\n<div class=\"afw afw_custom  afw_ad afwadid-267205  \" data-ad-id=\"267205\">\n<div id=\"div-gpt-ad-1571779814198-0\" data-google-query-id=\"CJ7ayN_osfACFZXA4QodLRUO0w\">\n<div id=\"google_ads_iframe_\/121287434\/web750_0__container__\">\u201cSe escuch\u00f3 un fuerte estruendo, los trenes se jalonearon, luego apareci\u00f3 mucho humo. Pens\u00e9 que se hab\u00eda descarrilado. Hasta que sal\u00ed y llegu\u00e9 a mi casa me di cuenta de lo grave de la situaci\u00f3n\u201d, narr\u00f3 el sobreviviente a Infobae.<\/div>\n<\/div>\n<\/div>\n<p>Erik relat\u00f3 que viajaba en el Metro como todos los d\u00edas, sin embargo, se escuch\u00f3 un fuerte estruendo y en cuesti\u00f3n de segundos todo se llen\u00f3 de humo, \u201clos \u00faltimos vagones cayeron\u201d cuando colaps\u00f3 la estructura.<\/p>\n<p>\u201cNo ven\u00eda tan lleno, la mayor\u00eda est\u00e1bamos sentados y uno que otro parado. La gente se estaba desesperando como est\u00e1bamos encerrados, quer\u00edan romper las ventanas pero no lo lograron. Despu\u00e9s alguien inform\u00f3 que se pod\u00eda salir por la parte cercana a la fractura\u201d, a\u00f1adi\u00f3.<\/p>\n<div id=\"attachment_280438\" class=\"wp-caption aligncenter\"><img loading=\"lazy\" decoding=\"async\" class=\"wp-image-280438 size-full\" src=\"https:\/\/turquesanews.mx\/wp-content\/uploads\/2021\/05\/vagon-1.jpg.webp\" sizes=\"auto, (max-width: 1200px) 100vw, 1200px\" srcset=\"https:\/\/turquesanews.mx\/wp-content\/uploads\/2021\/05\/vagon-1.jpg.webp 1200w, https:\/\/turquesanews.mx\/wp-content\/uploads\/2021\/05\/vagon-1-300x185.jpg.webp 300w, https:\/\/turquesanews.mx\/wp-content\/uploads\/2021\/05\/vagon-1-768x474.jpg.webp 768w\" alt=\"\u201cIba a morir\u201d, sobreviviente de la L\u00ednea 12 del Metro\" width=\"1200\" height=\"740\" \/><\/p>\n<p id=\"caption-attachment-280438\" class=\"wp-caption-text\">\u201cIba a morir\u201d, dijo el sobreviviente de la L\u00ednea 12 del Metro tras reflexionar sobre la segunda oportunidad que tiene.<\/p>\n<\/div>\n<p>Erick dijo que en el Metro se escuchaban llantos de beb\u00e9s y ni\u00f1os se ve\u00eda a madres desesperadas y decenas de ciudadanos con temor a no regresar a sus casas.<\/p>\n<p>\u201cPasamos por donde estaban dos hombres en el piso, uno se hab\u00eda aplastado la mano y se mov\u00eda y otro estaba inconsciente\u201d, dijo Bravo.<\/p>\n<p>\u201cLa verdad es como una segunda oportunidad y al mismo tiempo una gran tristeza por la gente que no logr\u00f3 llegar a casa. Ahora siempre voy a abrazar y decirle a mis seres queridos lo mucho que los amo y quiero vivir todas las experiencias que pueda. Uno reval\u00faa su vida en este tipo de situaciones y vaya me lleg\u00f3 en un momento clave de mi vida\u201d, concluy\u00f3.<\/p>\n","protected":false},"excerpt":{"rendered":"<p>Erick Bravo, de 34 a\u00f1os, regresaba de trabajar, pero no sab\u00eda que se convertir\u00eda en&#8230;<\/p>\n","protected":false},"author":1,"featured_media":3279,"comment_status":"open","ping_status":"open","sticky":false,"template":"","format":"standard","meta":{"footnotes":""},"categories":[12],"tags":[],"class_list":["post-3278","post","type-post","status-publish","format-standard","has-post-thumbnail","hentry","category-nacional"],"_links":{"self":[{"href":"https:\/\/xn--huracnpolmicocancnquintanaroo-knc6wmu.com\/index.php?rest_route=\/wp\/v2\/posts\/3278","targetHints":{"allow":["GET"]}}],"collection":[{"href":"https:\/\/xn--huracnpolmicocancnquintanaroo-knc6wmu.com\/index.php?rest_route=\/wp\/v2\/posts"}],"about":[{"href":"https:\/\/xn--huracnpolmicocancnquintanaroo-knc6wmu.com\/index.php?rest_route=\/wp\/v2\/types\/post"}],"author":[{"embeddable":true,"href":"https:\/\/xn--huracnpolmicocancnquintanaroo-knc6wmu.com\/index.php?rest_route=\/wp\/v2\/users\/1"}],"replies":[{"embeddable":true,"href":"https:\/\/xn--huracnpolmicocancnquintanaroo-knc6wmu.com\/index.php?rest_route=%2Fwp%2Fv2%2Fcomments&post=3278"}],"version-history":[{"count":1,"href":"https:\/\/xn--huracnpolmicocancnquintanaroo-knc6wmu.com\/index.php?rest_route=\/wp\/v2\/posts\/3278\/revisions"}],"predecessor-version":[{"id":3280,"href":"https:\/\/xn--huracnpolmicocancnquintanaroo-knc6wmu.com\/index.php?rest_route=\/wp\/v2\/posts\/3278\/revisions\/3280"}],"wp:featuredmedia":[{"embeddable":true,"href":"https:\/\/xn--huracnpolmicocancnquintanaroo-knc6wmu.com\/index.php?rest_route=\/wp\/v2\/media\/3279"}],"wp:attachment":[{"href":"https:\/\/xn--huracnpolmicocancnquintanaroo-knc6wmu.com\/index.php?rest_route=%2Fwp%2Fv2%2Fmedia&parent=3278"}],"wp:term":[{"taxonomy":"category","embeddable":true,"href":"https:\/\/xn--huracnpolmicocancnquintanaroo-knc6wmu.com\/index.php?rest_route=%2Fwp%2Fv2%2Fcategories&post=3278"},{"taxonomy":"post_tag","embeddable":true,"href":"https:\/\/xn--huracnpolmicocancnquintanaroo-knc6wmu.com\/index.php?rest_route=%2Fwp%2Fv2%2Ftags&post=3278"}],"curies":[{"name":"wp","href":"https:\/\/api.w.org\/{rel}","templated":true}]}}