{"id":3281,"date":"2021-05-05T11:37:42","date_gmt":"2021-05-05T11:37:42","guid":{"rendered":"https:\/\/xn--huracnpolmicocancnquintanaroo-knc6wmu.com\/?p=3281"},"modified":"2021-05-05T05:41:50","modified_gmt":"2021-05-05T05:41:50","slug":"por-que-hay-protestas-en-colombia-esta-es-la-razon","status":"publish","type":"post","link":"https:\/\/xn--huracnpolmicocancnquintanaroo-knc6wmu.com\/?p=3281","title":{"rendered":"\u00bfPor qu\u00e9 hay protestas en Colombia? Esta es la raz\u00f3n"},"content":{"rendered":"<article class=\"node-content\">\n<div id=\"id-body-node\" class=\"body-node\">\n<p>Colombia vive uno de<strong>\u00a0los momentos m\u00e1s tensos en su historia reciente<\/strong>, ahora las protestas y manifestaciones contra el gobierno de Iv\u00e1n Duque tienen paralizadas varias zonas de Bogot\u00e1 y otras ciudades importantes del pa\u00eds.<\/p>\n<h3>\u00bfQu\u00e9 ocurre en Colombia? \u00bfPor qu\u00e9 hay manifestaciones?<\/h3>\n<p>El pasado 15 de abril el presidente Duque envi\u00f3 al Congreso una iniciativa de ley tributaria que reformar\u00eda de ra\u00edz el sistema tributario nacional; esto implica un aumento en los impuestos para la clase media.<\/p>\n<p>De inmediato las clases m\u00e1s afectadas por estas propuestas protestaron y salieron a la calle a manifestarse.<\/p>\n<p>Entre las reformas Duque incluye una propuesta que elevar\u00eda los impuestos a las personas que ganen m\u00e1s de 656 d\u00f3lares al mes, esto traducido en moneda mexicana representa que las personas que ganen un salario mensual mayor a unos 13 mil pesos tendr\u00e1n que pagar m\u00e1s impuestos.<\/p>\n<p>Desde el pasado fin de semana las movilizaciones en Bogot\u00e1 se volvieron muy sangrientas, los choques entre polic\u00edas y manifestantes terminan en la mayor\u00eda de los casos en heridos y decenas de detenidos.<\/p>\n<p>Mientras esto ocurre, la oposici\u00f3n al gobierno de Iv\u00e1n Duque acusa represi\u00f3n y buscan por todos los medios la ayuda internacional para solucionar el conflicto.<\/p>\n<h3>Cali en llamas<\/h3>\n<p>Las protestas del lunes se tornaron violentas en Cali. La ciudad de 2,2 millones de habitantes est\u00e1 militarizada desde el viernes por orden del gobierno. Manifestantes aseguran que la fuerza p\u00fablica abri\u00f3 fuego contra civiles.<\/p>\n<p>Seg\u00fan la alcald\u00eda local, el lunes por la noche murieron cinco personas y 33 quedaron heridas. La Defensor\u00eda del Pueblo no ha corroborado estas cifras.<\/p>\n<p>A los desmanes se suman bloqueos en las principales v\u00edas de esa regi\u00f3n que provocan desabastecimiento de gasolina y preocupaci\u00f3n por el paso de camiones con ox\u00edgeno e insumos m\u00e9dicos en plena pandemia.<\/p>\n<p>El Defensor del Pueblo (Ombudsman), Carlos Camargo, afirm\u00f3 que un miembro de la entidad y otras cuatro personas fueron atacados por uniformados mientras asist\u00edan a detenidos en Cali.<\/p>\n<blockquote><p>Fueron objeto de amenazas por parte de agentes de la polic\u00eda nacional quienes dispararon en repetidas ocasiones al aire y al piso, tiraron granadas aturdidoras, los maltrataron verbalmente y les exigieron retirarse del lugar&#8221;, precis\u00f3.<\/p><\/blockquote>\n<p>El presidente, Iv\u00e1n Duque, respald\u00f3 la actuaci\u00f3n de la fuerza p\u00fablica en una alocuci\u00f3n este martes.<\/p>\n<blockquote><p>Nada justifica que haya personas armadas que, amparadas en el deseo leg\u00edtimo de la ciudadan\u00eda de hacer marchas c\u00edvicas, salgan a disparar a ciudadanos indefensos y a agredir cruelmente a nuestros polic\u00edas&#8221;, declar\u00f3.<\/p><\/blockquote>\n<p>Tres uniformados han recibido disparos desde el inicio de las protestas.<\/p>\n<p>Seg\u00fan el mandatario, la fuerza p\u00fablica es v\u00edctima de agresiones orquestadas por los grupos armados que operan en el pa\u00eds tras m\u00e1s de medio siglo de un conflicto interno. La firma del acuerdo de paz con la guerrilla FARC en 2016 no ces\u00f3 la violencia.<\/p>\n<p>Duque anunci\u00f3 el desplazamiento de varios ministros a Cali.<\/p>\n<p><iframe loading=\"lazy\" id=\"6YMLwR6bue0-youtube\" class=\"youtube-container\" title=\"YouTube video player\" src=\"https:\/\/www.youtube.com\/embed\/6YMLwR6bue0?autoplay=0&amp;controls=2&amp;rel=0&amp;embed_config=%7B%22adsConfig%22%3A%7B%22adTagParameters%22%3A%7B%22iu%22%3A%22%2F35139216%2FYouTube_Intrasitio%2FExcelsior_TV%22%2C%22cust_params%22%3A%22intereses%3DNoticias%2CRedes%20Sociales%2CDeportes%2CPresidencia%2CDinero%2CTecnolog%C3%ADa%2CPortada%2CTrending%2COpini%C3%B3n%26channel%3Dglobal%22%2C%22ppid%22%3A%22not_define%22%7D%7D%7D&amp;enablejsapi=1&amp;origin=https%3A%2F%2Fwww.excelsior.com.mx&amp;widgetid=1\" width=\"560\" height=\"315\" frameborder=\"0\" allowfullscreen=\"allowfullscreen\" data-width=\"560\" data-height=\"315\" data-youtubeid=\"6YMLwR6bue0\" data-mce-fragment=\"1\"><\/iframe><\/div>\n<\/article>\n<div class=\"node_bottom_ads\">\n<div id=\"block-dfp-300x250-global-cont-3\" class=\"block block-dfp\">\n<div class=\"content\">\n<div id=\"dfp-ad-300x250_global_cont_3-wrapper\" class=\"dfp-tag-wrapper\">\n<div id=\"dfp-ad-300x250_global_cont_3\" class=\"dfp-tag-wrapper\" data-google-query-id=\"CLis_uXpsfACFWMiwwodUr8Ieg\">\n<div id=\"google_ads_iframe_35139216\/Excelsior\/Global\/300x250_Global_Contenido_3__container__\"><\/div>\n<\/div>\n<\/div>\n<\/div>\n<\/div>\n<\/div>\n","protected":false},"excerpt":{"rendered":"<p>Colombia vive uno de\u00a0los momentos m\u00e1s tensos en su historia reciente, ahora las protestas y&#8230;<\/p>\n","protected":false},"author":1,"featured_media":3282,"comment_status":"open","ping_status":"open","sticky":false,"template":"","format":"standard","meta":{"footnotes":""},"categories":[11],"tags":[],"class_list":["post-3281","post","type-post","status-publish","format-standard","has-post-thumbnail","hentry","category-internacional"],"_links":{"self":[{"href":"https:\/\/xn--huracnpolmicocancnquintanaroo-knc6wmu.com\/index.php?rest_route=\/wp\/v2\/posts\/3281","targetHints":{"allow":["GET"]}}],"collection":[{"href":"https:\/\/xn--huracnpolmicocancnquintanaroo-knc6wmu.com\/index.php?rest_route=\/wp\/v2\/posts"}],"about":[{"href":"https:\/\/xn--huracnpolmicocancnquintanaroo-knc6wmu.com\/index.php?rest_route=\/wp\/v2\/types\/post"}],"author":[{"embeddable":true,"href":"https:\/\/xn--huracnpolmicocancnquintanaroo-knc6wmu.com\/index.php?rest_route=\/wp\/v2\/users\/1"}],"replies":[{"embeddable":true,"href":"https:\/\/xn--huracnpolmicocancnquintanaroo-knc6wmu.com\/index.php?rest_route=%2Fwp%2Fv2%2Fcomments&post=3281"}],"version-history":[{"count":1,"href":"https:\/\/xn--huracnpolmicocancnquintanaroo-knc6wmu.com\/index.php?rest_route=\/wp\/v2\/posts\/3281\/revisions"}],"predecessor-version":[{"id":3283,"href":"https:\/\/xn--huracnpolmicocancnquintanaroo-knc6wmu.com\/index.php?rest_route=\/wp\/v2\/posts\/3281\/revisions\/3283"}],"wp:featuredmedia":[{"embeddable":true,"href":"https:\/\/xn--huracnpolmicocancnquintanaroo-knc6wmu.com\/index.php?rest_route=\/wp\/v2\/media\/3282"}],"wp:attachment":[{"href":"https:\/\/xn--huracnpolmicocancnquintanaroo-knc6wmu.com\/index.php?rest_route=%2Fwp%2Fv2%2Fmedia&parent=3281"}],"wp:term":[{"taxonomy":"category","embeddable":true,"href":"https:\/\/xn--huracnpolmicocancnquintanaroo-knc6wmu.com\/index.php?rest_route=%2Fwp%2Fv2%2Fcategories&post=3281"},{"taxonomy":"post_tag","embeddable":true,"href":"https:\/\/xn--huracnpolmicocancnquintanaroo-knc6wmu.com\/index.php?rest_route=%2Fwp%2Fv2%2Ftags&post=3281"}],"curies":[{"name":"wp","href":"https:\/\/api.w.org\/{rel}","templated":true}]}}