{"id":3292,"date":"2021-05-06T11:11:15","date_gmt":"2021-05-06T11:11:15","guid":{"rendered":"https:\/\/xn--huracnpolmicocancnquintanaroo-knc6wmu.com\/?p=3292"},"modified":"2021-05-06T05:26:44","modified_gmt":"2021-05-06T05:26:44","slug":"cancun-se-registra-la-primera-desaparicion-de-una-menor-en-mayo-terrible","status":"publish","type":"post","link":"https:\/\/xn--huracnpolmicocancnquintanaroo-knc6wmu.com\/?p=3292","title":{"rendered":"Canc\u00fan; Se registra la primera desaparici\u00f3n de una menor en Mayo \u00a1Terrible!"},"content":{"rendered":"<p>Las\u00a0<strong>desapariciones<\/strong>\u00a0contin\u00faan en\u00a0<strong>Quintana Roo<\/strong>\u00a0y terriblemente la mayor\u00eda de estas son mujeres menores de edad, tal caso es que hoy les presentamos, se trata de la infante\u00a0<strong>Petrona Gir\u00f3n Luna,\u00a0<\/strong>quien fue vista por \u00faltima vez cuando vest\u00eda con una blusa blanca, falda morada y tenis blancos con negro.<\/p>\n<div class=\"banner hide--mobile\">\n<p>Familiares, amigos y conocidos, temen por la vida de la peque\u00f1a, pues lleva ya dos d\u00edas fuera de casa y hasta la redacci\u00f3n de esta nota se desconoce el paradero de la chica, de acuerdo con informaci\u00f3n de la\u00a0<strong>Fiscal\u00eda General del Estado de Quintana Roo<\/strong>, a trav\u00e9s de la ficha del\u00a0<strong>protocolo Alba 99\/ZN\/2021<\/strong>\u00a0informaron lo siguiente.<\/p>\n<p><img loading=\"lazy\" decoding=\"async\" class=\"alignnone  wp-image-3294\" src=\"https:\/\/xn--huracnpolmicocancnquintanaroo-knc6wmu.com\/wp-content\/uploads\/2021\/05\/Screenshot_41-3-215x300.png\" alt=\"\" width=\"405\" height=\"565\" srcset=\"https:\/\/xn--huracnpolmicocancnquintanaroo-knc6wmu.com\/wp-content\/uploads\/2021\/05\/Screenshot_41-3-215x300.png 215w, https:\/\/xn--huracnpolmicocancnquintanaroo-knc6wmu.com\/wp-content\/uploads\/2021\/05\/Screenshot_41-3.png 425w\" sizes=\"auto, (max-width: 405px) 100vw, 405px\" \/><\/p>\n<\/div>\n<p>Es de mencionar que apenas ayer en este mismo medio de comunicaci\u00f3n les informamos sobre\u00a0la desaparici\u00f3n de otra menor, se trata de<strong>\u00a0Mildre Noem\u00ed S\u00e1nchez Ordaz<\/strong>, es de tez morena morena, complexi\u00f3n delgada, cabello largo, lacio y casta\u00f1o oscuro, estatura 1.50 metros aproximadamente, peso 58 kilos aprox. y como se\u00f1as particulares, tiene varias cicatrices en ambas rodillas.<\/p>\n<div class=\"ck-related-news\">\n<div class=\"newsfull__related\">\n<div class=\"newsfull__related-content\">\n<h2>Las investigaciones contin\u00faan<\/h2>\n<p>La jovencita apenas tiene 12 a\u00f1os de edad y fue reportada como desaparecida el 30 de abril de 2021, quien desapareci\u00f3 en la ciudad de\u00a0<strong>Canc\u00fan<\/strong>, luego de que el 28 del mismo mes fue vista por \u00faltima vez y hasta el momento desconocen de su paradero, en este momento\u00a0a\u00fan no ha sido localizada.<\/p>\n<p><img loading=\"lazy\" decoding=\"async\" class=\"alignnone  wp-image-3295\" src=\"https:\/\/xn--huracnpolmicocancnquintanaroo-knc6wmu.com\/wp-content\/uploads\/2021\/05\/Screenshot_42-2-215x300.png\" alt=\"\" width=\"367\" height=\"512\" srcset=\"https:\/\/xn--huracnpolmicocancnquintanaroo-knc6wmu.com\/wp-content\/uploads\/2021\/05\/Screenshot_42-2-215x300.png 215w, https:\/\/xn--huracnpolmicocancnquintanaroo-knc6wmu.com\/wp-content\/uploads\/2021\/05\/Screenshot_42-2.png 425w\" sizes=\"auto, (max-width: 367px) 100vw, 367px\" \/><\/p>\n<p>Por \u00faltimo, la\u00a0Fiscal\u00eda de Quintana Roo proporcion\u00f3 los siguiente n\u00fameros telef\u00f3nicos, 83 500 50 ext.1132; 01800 00 854 00; 9988817150 ext. 2130 o el 9848730163, para cualquier persona que tenga informaci\u00f3n valiosa y veraz que logre dar con el paradero de las jovencitas antes mencionadas.<\/p>\n<div class=\"banner hide--mobile\"><\/div>\n<p>&nbsp;<\/p>\n<div><\/div>\n<\/div>\n<\/div>\n<\/div>\n","protected":false},"excerpt":{"rendered":"<p>Las\u00a0desapariciones\u00a0contin\u00faan en\u00a0Quintana Roo\u00a0y terriblemente la mayor\u00eda de estas son mujeres menores de edad, tal caso&#8230;<\/p>\n","protected":false},"author":1,"featured_media":3293,"comment_status":"open","ping_status":"open","sticky":false,"template":"","format":"standard","meta":{"footnotes":""},"categories":[2],"tags":[],"class_list":["post-3292","post","type-post","status-publish","format-standard","has-post-thumbnail","hentry","category-local"],"_links":{"self":[{"href":"https:\/\/xn--huracnpolmicocancnquintanaroo-knc6wmu.com\/index.php?rest_route=\/wp\/v2\/posts\/3292","targetHints":{"allow":["GET"]}}],"collection":[{"href":"https:\/\/xn--huracnpolmicocancnquintanaroo-knc6wmu.com\/index.php?rest_route=\/wp\/v2\/posts"}],"about":[{"href":"https:\/\/xn--huracnpolmicocancnquintanaroo-knc6wmu.com\/index.php?rest_route=\/wp\/v2\/types\/post"}],"author":[{"embeddable":true,"href":"https:\/\/xn--huracnpolmicocancnquintanaroo-knc6wmu.com\/index.php?rest_route=\/wp\/v2\/users\/1"}],"replies":[{"embeddable":true,"href":"https:\/\/xn--huracnpolmicocancnquintanaroo-knc6wmu.com\/index.php?rest_route=%2Fwp%2Fv2%2Fcomments&post=3292"}],"version-history":[{"count":1,"href":"https:\/\/xn--huracnpolmicocancnquintanaroo-knc6wmu.com\/index.php?rest_route=\/wp\/v2\/posts\/3292\/revisions"}],"predecessor-version":[{"id":3296,"href":"https:\/\/xn--huracnpolmicocancnquintanaroo-knc6wmu.com\/index.php?rest_route=\/wp\/v2\/posts\/3292\/revisions\/3296"}],"wp:featuredmedia":[{"embeddable":true,"href":"https:\/\/xn--huracnpolmicocancnquintanaroo-knc6wmu.com\/index.php?rest_route=\/wp\/v2\/media\/3293"}],"wp:attachment":[{"href":"https:\/\/xn--huracnpolmicocancnquintanaroo-knc6wmu.com\/index.php?rest_route=%2Fwp%2Fv2%2Fmedia&parent=3292"}],"wp:term":[{"taxonomy":"category","embeddable":true,"href":"https:\/\/xn--huracnpolmicocancnquintanaroo-knc6wmu.com\/index.php?rest_route=%2Fwp%2Fv2%2Fcategories&post=3292"},{"taxonomy":"post_tag","embeddable":true,"href":"https:\/\/xn--huracnpolmicocancnquintanaroo-knc6wmu.com\/index.php?rest_route=%2Fwp%2Fv2%2Ftags&post=3292"}],"curies":[{"name":"wp","href":"https:\/\/api.w.org\/{rel}","templated":true}]}}