{"id":3303,"date":"2021-05-06T11:43:17","date_gmt":"2021-05-06T11:43:17","guid":{"rendered":"https:\/\/xn--huracnpolmicocancnquintanaroo-knc6wmu.com\/?p=3303"},"modified":"2021-05-06T05:46:50","modified_gmt":"2021-05-06T05:46:50","slug":"absurdo-cancelar-la-copa-america-considera-ivan-duque","status":"publish","type":"post","link":"https:\/\/xn--huracnpolmicocancnquintanaroo-knc6wmu.com\/?p=3303","title":{"rendered":"Absurdo cancelar la Copa Am\u00e9rica, considera Iv\u00e1n Duque"},"content":{"rendered":"<p>Aun en medio de una nueva oleada de coronavirus y de las protestas que convulsionan a Colombia,\u00a0<strong>el presidente Iv\u00e1n Duque sali\u00f3 el mi\u00e9rcoles al paso de las versiones de que la Copa Am\u00e9rica no se realizar\u00eda<\/strong>\u00a0en el pa\u00eds.<\/p>\n<p><strong>Duque insisti\u00f3 en que su naci\u00f3n llevar\u00e1 a cabo el certamen<\/strong>, que organiza junto con Argentina, y consider\u00f3 \u201cabsurdo\u201d considerar que se cancelar\u00e1.<\/p>\n<blockquote><p>Si se juega la Eurocopa, \u00bfpor qu\u00e9 no se podr\u00eda hacer la Copa Am\u00e9rica?&#8221;, pregunt\u00f3 Duque en una entrevista con la emisora Blu Radio Colombia.<\/p><\/blockquote>\n<p>Al igual que la Euro,<strong>\u00a0la Copa Am\u00e9rica deb\u00eda realizarse originalmente en 2020<\/strong>. La pandemia llev\u00f3 a que ambos torneos se aplazaran un a\u00f1o.<\/p>\n<p>Ahora,\u00a0<strong>la inauguraci\u00f3n de la Copa Am\u00e9rica est\u00e1 prevista para el 13 de junio en Buenos Aires<\/strong>\u00a0y la final para el 10 de julio en Barranquilla, ciudad colombiana del Caribe.<\/p>\n<blockquote><p>Se han jugado los torneos locales en Argentina, Colombia, Ecuador, Brasil, Per\u00fa sin problemas y ya tenemos experiencia en los protocolos&#8221;, asever\u00f3 Duque. \u201cLo que estaba por definirse era si se hac\u00eda con Argentina o no, yo he dicho que un mensaje muy bonito es hacerla los dos. Lo que me ha transmitido el ministro (del Deporte de Colombia) Ernesto Lucena es que la Copa se va a hacer y se har\u00e1 en los dos pa\u00edses\u201d.<\/p><\/blockquote>\n<p>Pero en las semanas recientes,<strong>\u00a0se registr\u00f3 un repunte en los casos de coronavirus<\/strong>. El gobierno colombiano ha confirmado hasta el mi\u00e9rcoles unos 2,9 casos de COVID-19 desde que sobrevino la pandemia, con unos 76.015 decesos.<\/p>\n<p><strong>Y a partir del 28 de abril, estallaron disturbios en medio de una serie de marchas de protesta\u00a0<\/strong>y un paro nacional en rechazo a la reforma tributaria anunciada por el gobierno del presidente Duque. El mandatario opt\u00f3 por retirarla el lunes, sin que la tensi\u00f3n social haya aminorado.<\/p>\n<p>Duque se concentr\u00f3 en el tema sanitario y recalc\u00f3 en que no hay motivo para replantear la realizaci\u00f3n del certamen sudamericano de selecciones.<\/p>\n<blockquote><p>Empiezo por la l\u00f3gica. Se va a jugar la Eurocopa exactamente casi en el mismo tiempo en el que se va a jugar la Copa Am\u00e9rica y tienen protocolos, burbujas y vacunas, todo lo que se requiere para los equipos&#8221;, manifest\u00f3. &#8220;Ser\u00eda absurdo que no se hiciera una Copa Am\u00e9rica si se hace una Eurocopa, sobre todo cuando las cifras epidemiol\u00f3gicas en varios pa\u00edses son similares o inclusive en algunos lugares peores\u201d.<\/p><\/blockquote>\n<p><strong>La CONMEBOL ha comenzado a distribuir entre las 10 federaciones afiliadas<\/strong>\u00a0las 50.000 dosis de las vacunas que le don\u00f3 el laboratorio chino Sinovac para inocular a los futbolistas sudamericanos contra el coronavirus.<\/p>\n<p>Las autoridades colombianas han tomado la decisi\u00f3n de cerrar durante la Copa Am\u00e9rica el acceso de aficionados a los estadios de Barranquilla, Medell\u00edn, Cali y Bogot\u00e1.<\/p>\n<div class=\"teads-inread sm-screen teads-display-format\">\n<div>\n<div id=\"teads1\" class=\"teads-player\">Al anunciar una serie de medidas para frenar los contagios, el presidente de Argentina Alberto Fern\u00e1ndez se mostr\u00f3 dubitativo sobre la conveniencia de realizar el torneo.<\/div>\n<\/div>\n<\/div>\n<blockquote><p>Yo no quiero frustrar el espect\u00e1culo de la Copa Am\u00e9rica, pero quiero que seamos muy sensatos, muy cuidadosos\u201d, dijo Fern\u00e1ndez en hace dos semanas. \u201cTenemos un tiempo por adelante para analizar y ver c\u00f3mo evolucionan las cosas, ver c\u00f3mo podemos dominar el problema\u201d.<\/p><\/blockquote>\n","protected":false},"excerpt":{"rendered":"<p>Aun en medio de una nueva oleada de coronavirus y de las protestas que convulsionan&#8230;<\/p>\n","protected":false},"author":1,"featured_media":3304,"comment_status":"open","ping_status":"open","sticky":false,"template":"","format":"standard","meta":{"footnotes":""},"categories":[6],"tags":[],"class_list":["post-3303","post","type-post","status-publish","format-standard","has-post-thumbnail","hentry","category-deportes"],"_links":{"self":[{"href":"https:\/\/xn--huracnpolmicocancnquintanaroo-knc6wmu.com\/index.php?rest_route=\/wp\/v2\/posts\/3303","targetHints":{"allow":["GET"]}}],"collection":[{"href":"https:\/\/xn--huracnpolmicocancnquintanaroo-knc6wmu.com\/index.php?rest_route=\/wp\/v2\/posts"}],"about":[{"href":"https:\/\/xn--huracnpolmicocancnquintanaroo-knc6wmu.com\/index.php?rest_route=\/wp\/v2\/types\/post"}],"author":[{"embeddable":true,"href":"https:\/\/xn--huracnpolmicocancnquintanaroo-knc6wmu.com\/index.php?rest_route=\/wp\/v2\/users\/1"}],"replies":[{"embeddable":true,"href":"https:\/\/xn--huracnpolmicocancnquintanaroo-knc6wmu.com\/index.php?rest_route=%2Fwp%2Fv2%2Fcomments&post=3303"}],"version-history":[{"count":1,"href":"https:\/\/xn--huracnpolmicocancnquintanaroo-knc6wmu.com\/index.php?rest_route=\/wp\/v2\/posts\/3303\/revisions"}],"predecessor-version":[{"id":3305,"href":"https:\/\/xn--huracnpolmicocancnquintanaroo-knc6wmu.com\/index.php?rest_route=\/wp\/v2\/posts\/3303\/revisions\/3305"}],"wp:featuredmedia":[{"embeddable":true,"href":"https:\/\/xn--huracnpolmicocancnquintanaroo-knc6wmu.com\/index.php?rest_route=\/wp\/v2\/media\/3304"}],"wp:attachment":[{"href":"https:\/\/xn--huracnpolmicocancnquintanaroo-knc6wmu.com\/index.php?rest_route=%2Fwp%2Fv2%2Fmedia&parent=3303"}],"wp:term":[{"taxonomy":"category","embeddable":true,"href":"https:\/\/xn--huracnpolmicocancnquintanaroo-knc6wmu.com\/index.php?rest_route=%2Fwp%2Fv2%2Fcategories&post=3303"},{"taxonomy":"post_tag","embeddable":true,"href":"https:\/\/xn--huracnpolmicocancnquintanaroo-knc6wmu.com\/index.php?rest_route=%2Fwp%2Fv2%2Ftags&post=3303"}],"curies":[{"name":"wp","href":"https:\/\/api.w.org\/{rel}","templated":true}]}}