{"id":3321,"date":"2021-05-07T11:47:08","date_gmt":"2021-05-07T11:47:08","guid":{"rendered":"https:\/\/xn--huracnpolmicocancnquintanaroo-knc6wmu.com\/?p=3321"},"modified":"2021-05-07T04:50:38","modified_gmt":"2021-05-07T04:50:38","slug":"mira-las-primeras-imagenes-de-house-of-the-dragon-la-esperada-precuela-de-game-of-thrones","status":"publish","type":"post","link":"https:\/\/xn--huracnpolmicocancnquintanaroo-knc6wmu.com\/?p=3321","title":{"rendered":"Mira las primeras im\u00e1genes de \u2018House of the Dragon\u2019, la esperada precuela de \u2018Game of Thrones\u2019"},"content":{"rendered":"<p>A tan s\u00f3lo unos d\u00edas de haber confirmado el\u00a0comienzo de la producci\u00f3n de\u00a0<em>House of the Dragon<\/em>, HBO ha compartido las primeras im\u00e1genes de esta esperada secuela de\u00a0<em>Game of Thrones\u00a0<\/em>que se centrar\u00e1 en una de las familias m\u00e1s antiguas del pa\u00eds ficticio Westeros: los Targaryen.<\/p>\n<p>Se han presentado tres nuevas im\u00e1genes. La primera nos muestra a Emma D\u2019Arcy y a Matt Smith encarnando a los personajes de la Princesa Rhaenyra Targaryen y el pr\u00edncipe Daemon Targaryen respectivamente, luciendo sus blancas cabelleras caracter\u00edsticas de la familia de los dragones. La segunda imagen presenta a Steve Toussaint como el imponente Lord Corlys Velaryon, una apuesta muy interesante ya que, seg\u00fan la serie literaria\u00a0<em>Canci\u00f3n de Hielo y Fuego<\/em>, Velaryon era de origen cauc\u00e1sico, mientras que Toussaint tiene ascendencia barbadense.<\/p>\n<p>Finalmente, la tercer fotograf\u00eda nos muestra a Alicent Hightower y a su padre Otto interpretados por Olivia Cooke y Rhys Ifans. Cabe recordar que\u00a0<em>House of the Dragon<\/em>\u00a0estar\u00e1 ambientada 300 a\u00f1os antes de los acontecimientos que vimos en\u00a0<em>Game of Thrones<\/em>, espec\u00edficamente durante la guerra civil de la casa Targaryen que fue conocida como \u00abLa Danza de los Dragones\u00bb. Hasta el momento se ha confirmado la realizaci\u00f3n de una temporada que contar\u00e1 con 10 episodios, mismos que estar\u00e1n dirigidos por Clare Kilner, Miguel Sapochnik, Geeta Patel y Greg Yaitanes. Adem\u00e1s, la producci\u00f3n ejecutiva correr\u00e1 a cargo del mismo George R.R. Martin, creador de este universo que ha maravillado miles de personas alrededor del mundo.<\/p>\n<p>Mira aqu\u00ed las primeras im\u00e1genes de la serie\u00a0<em>House of the Dragon<\/em>\u00a0que se que haga su debut en 2022.<\/p>\n<figure class=\"wp-block-image size-large\"><img loading=\"lazy\" decoding=\"async\" class=\"wp-image-239775\" src=\"https:\/\/www.rollingstone.com.mx\/wp-content\/uploads\/2021\/05\/emma-d-arcy-matt-smith-1024x683.jpg\" alt=\"\" width=\"1024\" height=\"683\" \/><figcaption>Emma D\u2019Arcy y a Matt Smith como la Princesa Rhaenyra Targaryen y el pr\u00edncipe Daemon Targaryen.<\/figcaption><\/figure>\n<p>&nbsp;<\/p>\n<figure class=\"wp-block-image size-large\"><img loading=\"lazy\" decoding=\"async\" class=\"wp-image-239776\" src=\"https:\/\/www.rollingstone.com.mx\/wp-content\/uploads\/2021\/05\/steve-toussaint-1024x683.jpg\" alt=\"\" width=\"1024\" height=\"683\" \/><figcaption>Steve Toussaint como Lord Corlys Velaryon.<\/figcaption><\/figure>\n<p>&nbsp;<\/p>\n<figure class=\"wp-block-image size-large\"><img loading=\"lazy\" decoding=\"async\" class=\"wp-image-239778\" src=\"https:\/\/www.rollingstone.com.mx\/wp-content\/uploads\/2021\/05\/olivia-cooke-rhys-ifans-1024x677.jpg\" alt=\"\" width=\"1024\" height=\"677\" \/><figcaption>Olivia Cooke y Rhys Ifans como Alicent Hightower y Otto Hightower.<\/figcaption><\/figure>\n","protected":false},"excerpt":{"rendered":"<p>A tan s\u00f3lo unos d\u00edas de haber confirmado el\u00a0comienzo de la producci\u00f3n de\u00a0House of the&#8230;<\/p>\n","protected":false},"author":1,"featured_media":3322,"comment_status":"open","ping_status":"open","sticky":false,"template":"","format":"standard","meta":{"footnotes":""},"categories":[9],"tags":[],"class_list":["post-3321","post","type-post","status-publish","format-standard","has-post-thumbnail","hentry","category-espectaculos"],"_links":{"self":[{"href":"https:\/\/xn--huracnpolmicocancnquintanaroo-knc6wmu.com\/index.php?rest_route=\/wp\/v2\/posts\/3321","targetHints":{"allow":["GET"]}}],"collection":[{"href":"https:\/\/xn--huracnpolmicocancnquintanaroo-knc6wmu.com\/index.php?rest_route=\/wp\/v2\/posts"}],"about":[{"href":"https:\/\/xn--huracnpolmicocancnquintanaroo-knc6wmu.com\/index.php?rest_route=\/wp\/v2\/types\/post"}],"author":[{"embeddable":true,"href":"https:\/\/xn--huracnpolmicocancnquintanaroo-knc6wmu.com\/index.php?rest_route=\/wp\/v2\/users\/1"}],"replies":[{"embeddable":true,"href":"https:\/\/xn--huracnpolmicocancnquintanaroo-knc6wmu.com\/index.php?rest_route=%2Fwp%2Fv2%2Fcomments&post=3321"}],"version-history":[{"count":1,"href":"https:\/\/xn--huracnpolmicocancnquintanaroo-knc6wmu.com\/index.php?rest_route=\/wp\/v2\/posts\/3321\/revisions"}],"predecessor-version":[{"id":3323,"href":"https:\/\/xn--huracnpolmicocancnquintanaroo-knc6wmu.com\/index.php?rest_route=\/wp\/v2\/posts\/3321\/revisions\/3323"}],"wp:featuredmedia":[{"embeddable":true,"href":"https:\/\/xn--huracnpolmicocancnquintanaroo-knc6wmu.com\/index.php?rest_route=\/wp\/v2\/media\/3322"}],"wp:attachment":[{"href":"https:\/\/xn--huracnpolmicocancnquintanaroo-knc6wmu.com\/index.php?rest_route=%2Fwp%2Fv2%2Fmedia&parent=3321"}],"wp:term":[{"taxonomy":"category","embeddable":true,"href":"https:\/\/xn--huracnpolmicocancnquintanaroo-knc6wmu.com\/index.php?rest_route=%2Fwp%2Fv2%2Fcategories&post=3321"},{"taxonomy":"post_tag","embeddable":true,"href":"https:\/\/xn--huracnpolmicocancnquintanaroo-knc6wmu.com\/index.php?rest_route=%2Fwp%2Fv2%2Ftags&post=3321"}],"curies":[{"name":"wp","href":"https:\/\/api.w.org\/{rel}","templated":true}]}}