{"id":3333,"date":"2021-05-08T11:24:34","date_gmt":"2021-05-08T11:24:34","guid":{"rendered":"https:\/\/xn--huracnpolmicocancnquintanaroo-knc6wmu.com\/?p=3333"},"modified":"2021-05-08T03:27:16","modified_gmt":"2021-05-08T03:27:16","slug":"chetumal-quintana-roo-sera-sede-del-macro-regional-de-luchas-asociadas","status":"publish","type":"post","link":"https:\/\/xn--huracnpolmicocancnquintanaroo-knc6wmu.com\/?p=3333","title":{"rendered":"Chetumal: Quintana Roo ser\u00e1 sede del Macro-Regional de Luchas Asociadas"},"content":{"rendered":"<p><strong>El estado de Quintana Roo ser\u00e1 sede del Macro-Regional de la disciplina de Luchas Asociadas<\/strong>, como parte del proceso de los Juegos Nacionales Conade de este a\u00f1o.<\/p>\n<p>Esto fue confirmado por parte de la Comisi\u00f3n Nacional de Cultura F\u00edsica y Deporte (Conade), mediante un documento oficial, firmado por Miguel \u00c1ngel Navarro Ram\u00edrez, director de eventos deportivos, nacionales y selectivos de la Conade.<\/p>\n<p>Para este evento\u00a0<strong>se tendr\u00e1 la participaci\u00f3n de representantes de las Zonas VII y VIII<\/strong>\u00a0del Sistema Nacional del Deporte (Sinade), que incluye a los estados de Veracruz, Oaxaca, Puebla y la Universidad Nacional Aut\u00f3noma de M\u00e9xico, mientras que por la Zona VIII estar\u00e1n los estados de Campeche, Chiapas, Yucat\u00e1n, Tabasco y Quintana Roo.<\/p>\n<div id=\"div-gpt-ad-inread-608f55809f221d0013ab3ecf\" data-name=\"inread\" data-size=\"[[336,250], [300,250]]\" data-google-query-id=\"CJyg2r6RufACFf-HWgUdY3AHvg\">\n<div id=\"google_ads_iframe_\/4334274\/inread_3__container__\">Esto se dio luego de que el estado de Yucat\u00e1n decidiera, de \u00faltimo momento, declinar como sede para albergar las acciones de esta importante competencia, en la que se definir\u00e1n a los representantes de esta zona de cara a la etapa nacional de los Juegos Deportivos de la Comisi\u00f3n Nacional de Cultura F\u00edsica y Deporte (Conade).<\/div>\n<\/div>\n<p>\u201cPor medio de la presente me permito dar respuesta a su oficio recibido, por el cual manifiesta su intenci\u00f3n de que la entidad que\u00a0<strong>representa sea la sede de la etapa Macro-Regional de los Nacionales Conade<\/strong>. Al respecto, me permito informarle que no existe inconveniente de que el \u00f3rgano de Cultura F\u00edsica y Deporte de ese estado sea el responsable de la organizaci\u00f3n de esta etapa\u201d, se\u00f1ala el comunicado.<\/p>\n<p>Las fechas tentativas para la realizaci\u00f3n de este evento son del 1 al 4 del pr\u00f3ximo mes de junio, aunque la sede a\u00fan no ha sido definida.<\/p>\n<p>\u201c<strong>A\u00fan estamos en el an\u00e1lisis de cu\u00e1l ser\u00eda la ciudad donde se llevar\u00eda a cabo el evento<\/strong>, podr\u00eda ser Chetumal o Canc\u00fan, aunque esto se definir\u00e1 en pr\u00f3ximas fechas\u201d, se\u00f1al\u00f3 la Comisi\u00f3n Para la Juventud y el Deporte de Quintana Roo (Cojudeq).<\/p>\n<div id=\"div-gpt-ad-inread-2-608f55809f221d0013ab3ecf\" data-name=\"inread\" data-size=\"[[336,250], [300,250]]\" data-google-query-id=\"COzb2r6RufACFUvZhgod58wAhA\">\n<div id=\"google_ads_iframe_\/4334274\/inread_4__container__\">Cabe recordar que, la capital del estado fue la \u00faltima sede de esta disciplina en lo que corresponde a la Olimpiada Nacional, esto en el a\u00f1o 2019, misma que se desarroll\u00f3 en el Centro Internacional de Negocios y Convenciones.<\/div>\n<\/div>\n","protected":false},"excerpt":{"rendered":"<p>El estado de Quintana Roo ser\u00e1 sede del Macro-Regional de la disciplina de Luchas Asociadas,&#8230;<\/p>\n","protected":false},"author":1,"featured_media":3334,"comment_status":"open","ping_status":"open","sticky":false,"template":"","format":"standard","meta":{"footnotes":""},"categories":[6],"tags":[],"class_list":["post-3333","post","type-post","status-publish","format-standard","has-post-thumbnail","hentry","category-deportes"],"_links":{"self":[{"href":"https:\/\/xn--huracnpolmicocancnquintanaroo-knc6wmu.com\/index.php?rest_route=\/wp\/v2\/posts\/3333","targetHints":{"allow":["GET"]}}],"collection":[{"href":"https:\/\/xn--huracnpolmicocancnquintanaroo-knc6wmu.com\/index.php?rest_route=\/wp\/v2\/posts"}],"about":[{"href":"https:\/\/xn--huracnpolmicocancnquintanaroo-knc6wmu.com\/index.php?rest_route=\/wp\/v2\/types\/post"}],"author":[{"embeddable":true,"href":"https:\/\/xn--huracnpolmicocancnquintanaroo-knc6wmu.com\/index.php?rest_route=\/wp\/v2\/users\/1"}],"replies":[{"embeddable":true,"href":"https:\/\/xn--huracnpolmicocancnquintanaroo-knc6wmu.com\/index.php?rest_route=%2Fwp%2Fv2%2Fcomments&post=3333"}],"version-history":[{"count":1,"href":"https:\/\/xn--huracnpolmicocancnquintanaroo-knc6wmu.com\/index.php?rest_route=\/wp\/v2\/posts\/3333\/revisions"}],"predecessor-version":[{"id":3335,"href":"https:\/\/xn--huracnpolmicocancnquintanaroo-knc6wmu.com\/index.php?rest_route=\/wp\/v2\/posts\/3333\/revisions\/3335"}],"wp:featuredmedia":[{"embeddable":true,"href":"https:\/\/xn--huracnpolmicocancnquintanaroo-knc6wmu.com\/index.php?rest_route=\/wp\/v2\/media\/3334"}],"wp:attachment":[{"href":"https:\/\/xn--huracnpolmicocancnquintanaroo-knc6wmu.com\/index.php?rest_route=%2Fwp%2Fv2%2Fmedia&parent=3333"}],"wp:term":[{"taxonomy":"category","embeddable":true,"href":"https:\/\/xn--huracnpolmicocancnquintanaroo-knc6wmu.com\/index.php?rest_route=%2Fwp%2Fv2%2Fcategories&post=3333"},{"taxonomy":"post_tag","embeddable":true,"href":"https:\/\/xn--huracnpolmicocancnquintanaroo-knc6wmu.com\/index.php?rest_route=%2Fwp%2Fv2%2Ftags&post=3333"}],"curies":[{"name":"wp","href":"https:\/\/api.w.org\/{rel}","templated":true}]}}