{"id":3345,"date":"2021-05-09T11:42:19","date_gmt":"2021-05-09T11:42:19","guid":{"rendered":"https:\/\/xn--huracnpolmicocancnquintanaroo-knc6wmu.com\/?p=3345"},"modified":"2021-05-09T01:58:22","modified_gmt":"2021-05-09T01:58:22","slug":"joven-que-asesino-a-perrito-rodolfo-corazon-obtiene-libertad-provisional","status":"publish","type":"post","link":"https:\/\/xn--huracnpolmicocancnquintanaroo-knc6wmu.com\/?p=3345","title":{"rendered":"Joven que asesin\u00f3 a perrito Rodolfo Coraz\u00f3n obtiene libertad provisional"},"content":{"rendered":"<p>El joven que fue acusado de asesinar con un hacha al perrito Rodolfo Coraz\u00f3n en el fraccionamiento Cedros, en la ciudad de Los Mochis, fue puesto en libertad provisional.<\/p>\n<div class=\"afw afw_custom  afw_ad afwadid-267205  \" data-ad-id=\"267205\">\n<div id=\"div-gpt-ad-1571779814198-0\" data-google-query-id=\"CMu7kJu_u_ACFSzU4Qodur8OMA\">\n<div id=\"google_ads_iframe_\/121287434\/web750_0__container__\">Jos\u00e9 \u201cN\u201d, quien acusado de asesinar al perrito no podr\u00e1 salir de Sinaloa y tendr\u00e1 que acudir a firmar al juzgado y recibir asistencia m\u00e9dica sicol\u00f3gica.<\/div>\n<\/div>\n<\/div>\n<p>Y es que el joven es imputado por el caso de delito de maltrato animal y enfrentar\u00e1 su proceso en libertad bajo medidas cautelares que le fueron fijadas.<\/p>\n<div id=\"attachment_281555\" class=\"wp-caption aligncenter\"><img loading=\"lazy\" decoding=\"async\" class=\"wp-image-281555 size-full\" src=\"https:\/\/turquesanews.mx\/wp-content\/uploads\/2021\/05\/perrito-corazon.jpg.webp\" sizes=\"auto, (max-width: 1200px) 100vw, 1200px\" srcset=\"https:\/\/turquesanews.mx\/wp-content\/uploads\/2021\/05\/perrito-corazon.jpg.webp 1200w, https:\/\/turquesanews.mx\/wp-content\/uploads\/2021\/05\/perrito-corazon-300x185.jpg.webp 300w, https:\/\/turquesanews.mx\/wp-content\/uploads\/2021\/05\/perrito-corazon-768x474.jpg.webp 768w\" alt=\"Joven que asesin\u00f3 a perrito Rodolfo Coraz\u00f3n obtiene libertad provisional\" width=\"1200\" height=\"740\" \/><\/p>\n<p id=\"caption-attachment-281555\" class=\"wp-caption-text\">Joven que asesin\u00f3 a perrito Rodolfo Coraz\u00f3n<\/p>\n<\/div>\n<p>El 26 de abril de este a\u00f1o el joven fue vinculado a proceso y le dictaron prisi\u00f3n preventiva oficiosa por un mes para concluir la investigaci\u00f3n complementaria, pero le concedieron la suspensi\u00f3n condicional del proceso.<\/p>\n<p>Cabe mencionar que en abril se dio a conocer el asesinato de Rodolfo Coraz\u00f3n luego de divulgarse un video de c\u00f3mo el joven mat\u00f3 al perrito.<\/p>\n<p>Jos\u00e9 \u201cN\u201d se present\u00f3 de forma voluntaria ante el Ministerio P\u00fablico para emitir su declaraci\u00f3n, y tras salir libre tendr\u00e1 que acudir a firmar en el juzgado, as\u00ed como recibir atenci\u00f3n psicol\u00f3gica.<\/p>\n<p>Tras el asesinato del perrito varias personas defensoras de animales, activistas ambientalistas y familias se reunieron para iniciar manifestaciones.<\/p>\n","protected":false},"excerpt":{"rendered":"<p>El joven que fue acusado de asesinar con un hacha al perrito Rodolfo Coraz\u00f3n en&#8230;<\/p>\n","protected":false},"author":1,"featured_media":3346,"comment_status":"open","ping_status":"open","sticky":false,"template":"","format":"standard","meta":{"footnotes":""},"categories":[12],"tags":[],"class_list":["post-3345","post","type-post","status-publish","format-standard","has-post-thumbnail","hentry","category-nacional"],"_links":{"self":[{"href":"https:\/\/xn--huracnpolmicocancnquintanaroo-knc6wmu.com\/index.php?rest_route=\/wp\/v2\/posts\/3345","targetHints":{"allow":["GET"]}}],"collection":[{"href":"https:\/\/xn--huracnpolmicocancnquintanaroo-knc6wmu.com\/index.php?rest_route=\/wp\/v2\/posts"}],"about":[{"href":"https:\/\/xn--huracnpolmicocancnquintanaroo-knc6wmu.com\/index.php?rest_route=\/wp\/v2\/types\/post"}],"author":[{"embeddable":true,"href":"https:\/\/xn--huracnpolmicocancnquintanaroo-knc6wmu.com\/index.php?rest_route=\/wp\/v2\/users\/1"}],"replies":[{"embeddable":true,"href":"https:\/\/xn--huracnpolmicocancnquintanaroo-knc6wmu.com\/index.php?rest_route=%2Fwp%2Fv2%2Fcomments&post=3345"}],"version-history":[{"count":1,"href":"https:\/\/xn--huracnpolmicocancnquintanaroo-knc6wmu.com\/index.php?rest_route=\/wp\/v2\/posts\/3345\/revisions"}],"predecessor-version":[{"id":3347,"href":"https:\/\/xn--huracnpolmicocancnquintanaroo-knc6wmu.com\/index.php?rest_route=\/wp\/v2\/posts\/3345\/revisions\/3347"}],"wp:featuredmedia":[{"embeddable":true,"href":"https:\/\/xn--huracnpolmicocancnquintanaroo-knc6wmu.com\/index.php?rest_route=\/wp\/v2\/media\/3346"}],"wp:attachment":[{"href":"https:\/\/xn--huracnpolmicocancnquintanaroo-knc6wmu.com\/index.php?rest_route=%2Fwp%2Fv2%2Fmedia&parent=3345"}],"wp:term":[{"taxonomy":"category","embeddable":true,"href":"https:\/\/xn--huracnpolmicocancnquintanaroo-knc6wmu.com\/index.php?rest_route=%2Fwp%2Fv2%2Fcategories&post=3345"},{"taxonomy":"post_tag","embeddable":true,"href":"https:\/\/xn--huracnpolmicocancnquintanaroo-knc6wmu.com\/index.php?rest_route=%2Fwp%2Fv2%2Ftags&post=3345"}],"curies":[{"name":"wp","href":"https:\/\/api.w.org\/{rel}","templated":true}]}}