{"id":3351,"date":"2021-05-09T11:05:46","date_gmt":"2021-05-09T11:05:46","guid":{"rendered":"https:\/\/xn--huracnpolmicocancnquintanaroo-knc6wmu.com\/?p=3351"},"modified":"2021-05-09T02:09:57","modified_gmt":"2021-05-09T02:09:57","slug":"nos-estan-dando-bala-manifestante-en-colombia-video","status":"publish","type":"post","link":"https:\/\/xn--huracnpolmicocancnquintanaroo-knc6wmu.com\/?p=3351","title":{"rendered":"\u201cNos est\u00e1n dando bala\u201d, manifestante en Colombia (Video)"},"content":{"rendered":"<p>Las manifestaciones que terminan en represi\u00f3n en Colombia contin\u00faan, y es que en redes sociales se hizo viral un video en el que un manifestante capt\u00f3 el momento en que fueron reprimidos a balazos.<\/p>\n<div class=\"afw afw_custom  afw_ad afwadid-267205  \" data-ad-id=\"267205\">\n<div id=\"div-gpt-ad-1571779814198-0\" data-google-query-id=\"CLnG_-HAu_ACFcrd4QodDSULDA\">\n<div id=\"google_ads_iframe_\/121287434\/web750_0__container__\">En la grabaci\u00f3n se escucha a un hombre decir \u201cSantiago de Cali\u201d, mientras el p\u00e1nico abunda a los manifestantes, debido a que se escuchan detonaciones de arma de fuego.<\/div>\n<\/div>\n<\/div>\n<p>Mientras todos se agachan para evitar ser baleados se escucha el grito de una mujer, \u201cel escudo, el escudo\u201d y al mismo tiempo al hombre decir \u201cnos est\u00e1n dando bala en la Luna\u201d.<\/p>\n<p>En el video se observa como los manifestantes se cubren con escudos de las balas, seg\u00fan el video hab\u00eda una persona herida en la manifestaci\u00f3n, \u201cun parcero lo hirieron ah\u00ed\u201d<\/p>\n<p>Colombia se encuentra en su d\u00e9cimo d\u00eda consecutivo de protestas. Desde el pasado 28 de abril miles de personas han salido a protestar contra las pol\u00edticas del gobierno.<\/p>\n<p>La protesta se origin\u00f3 por el proyecto de reforma tributaria que estaba imponiendo el presidente Iv\u00e1n Duque, de la cual se retract\u00f3, lo que ocasion\u00f3 que el ministro de Hacienda, Alberto Carrasquilla, presentar\u00e1 su renuncia el 3 mayo.<\/p>\n<p>La Defensor\u00eda del Pueblo indica que hasta el momento hay 26 muertes y 145 reportes de presuntos desaparecidos, no obstante, se especula que la cifra sea mayor en ambos casos.<\/p>\n<div class=\"twitter-tweet twitter-tweet-rendered\"><iframe id=\"twitter-widget-0\" class=\"\" title=\"Twitter Tweet\" src=\"https:\/\/platform.twitter.com\/embed\/Tweet.html?creatorScreenName=infoturquesa&amp;dnt=false&amp;embedId=twitter-widget-0&amp;features=eyJ0ZndfZXhwZXJpbWVudHNfY29va2llX2V4cGlyYXRpb24iOnsiYnVja2V0IjoxMjA5NjAwLCJ2ZXJzaW9uIjpudWxsfSwidGZ3X2hvcml6b25fdHdlZXRfZW1iZWRfOTU1NSI6eyJidWNrZXQiOiJodGUiLCJ2ZXJzaW9uIjpudWxsfX0%3D&amp;frame=false&amp;hideCard=false&amp;hideThread=false&amp;id=1390847190285930496&amp;lang=es&amp;origin=https%3A%2F%2Fturquesanews.mx%2Finternacional%2Fnos-estan-dando-bala-manifestante-en-colombia-video%2F&amp;sessionId=26d962ac00387d68619d5bf3d31cb229a559f8c5&amp;siteScreenName=infoturquesa&amp;theme=light&amp;widgetsVersion=82e1070%3A1619632193066&amp;width=550px\" frameborder=\"0\" scrolling=\"no\" allowfullscreen=\"allowfullscreen\" data-tweet-id=\"1390847190285930496\" data-mce-fragment=\"1\"><\/iframe><\/div>\n","protected":false},"excerpt":{"rendered":"<p>Las manifestaciones que terminan en represi\u00f3n en Colombia contin\u00faan, y es que en redes sociales&#8230;<\/p>\n","protected":false},"author":1,"featured_media":3353,"comment_status":"open","ping_status":"open","sticky":false,"template":"","format":"standard","meta":{"footnotes":""},"categories":[11],"tags":[],"class_list":["post-3351","post","type-post","status-publish","format-standard","has-post-thumbnail","hentry","category-internacional"],"_links":{"self":[{"href":"https:\/\/xn--huracnpolmicocancnquintanaroo-knc6wmu.com\/index.php?rest_route=\/wp\/v2\/posts\/3351","targetHints":{"allow":["GET"]}}],"collection":[{"href":"https:\/\/xn--huracnpolmicocancnquintanaroo-knc6wmu.com\/index.php?rest_route=\/wp\/v2\/posts"}],"about":[{"href":"https:\/\/xn--huracnpolmicocancnquintanaroo-knc6wmu.com\/index.php?rest_route=\/wp\/v2\/types\/post"}],"author":[{"embeddable":true,"href":"https:\/\/xn--huracnpolmicocancnquintanaroo-knc6wmu.com\/index.php?rest_route=\/wp\/v2\/users\/1"}],"replies":[{"embeddable":true,"href":"https:\/\/xn--huracnpolmicocancnquintanaroo-knc6wmu.com\/index.php?rest_route=%2Fwp%2Fv2%2Fcomments&post=3351"}],"version-history":[{"count":1,"href":"https:\/\/xn--huracnpolmicocancnquintanaroo-knc6wmu.com\/index.php?rest_route=\/wp\/v2\/posts\/3351\/revisions"}],"predecessor-version":[{"id":3354,"href":"https:\/\/xn--huracnpolmicocancnquintanaroo-knc6wmu.com\/index.php?rest_route=\/wp\/v2\/posts\/3351\/revisions\/3354"}],"wp:featuredmedia":[{"embeddable":true,"href":"https:\/\/xn--huracnpolmicocancnquintanaroo-knc6wmu.com\/index.php?rest_route=\/wp\/v2\/media\/3353"}],"wp:attachment":[{"href":"https:\/\/xn--huracnpolmicocancnquintanaroo-knc6wmu.com\/index.php?rest_route=%2Fwp%2Fv2%2Fmedia&parent=3351"}],"wp:term":[{"taxonomy":"category","embeddable":true,"href":"https:\/\/xn--huracnpolmicocancnquintanaroo-knc6wmu.com\/index.php?rest_route=%2Fwp%2Fv2%2Fcategories&post=3351"},{"taxonomy":"post_tag","embeddable":true,"href":"https:\/\/xn--huracnpolmicocancnquintanaroo-knc6wmu.com\/index.php?rest_route=%2Fwp%2Fv2%2Ftags&post=3351"}],"curies":[{"name":"wp","href":"https:\/\/api.w.org\/{rel}","templated":true}]}}