{"id":3423,"date":"2021-05-13T11:08:56","date_gmt":"2021-05-13T11:08:56","guid":{"rendered":"https:\/\/xn--huracnpolmicocancnquintanaroo-knc6wmu.com\/?p=3423"},"modified":"2021-05-13T04:14:08","modified_gmt":"2021-05-13T04:14:08","slug":"el-pequeno-resto-de-mi-vida-en-mi-va-por-la-segunda-temporada-de-teatro-en-streaming","status":"publish","type":"post","link":"https:\/\/xn--huracnpolmicocancnquintanaroo-knc6wmu.com\/?p=3423","title":{"rendered":"El peque\u00f1o resto de mi vida en m\u00ed, va por la segunda temporada de teatro en streaming"},"content":{"rendered":"<p>Canc\u00fan.- La compa\u00f1\u00eda teatral La Corte de los Milagros presenta la segunda temporada de la experiencia fragmentada El peque\u00f1o resto de mi vida en m\u00ed, una investigaci\u00f3n esc\u00e9nica intermedial en la que se invita a una vivencia \u00edntima de tres d\u00edas de mensajes v\u00eda whatsapp y un streaming que completa la experiencia.<\/p>\n<p>Es una a-puesta que toma varios medios digitales para generar una experiencia provocadora, que invita al espectador a unir las piezas de un rompecabezas en el complejo universo de tres mujeres.<\/p>\n<p>Una, ha matado a un hombre y clama por ser llevada a la c\u00e1rcel, sin embargo, no hay nada que compruebe la veracidad de ese hecho. Una psic\u00f3loga y una psiquiatra enfrentan el caso, y mientras investigan lo que pas\u00f3, sus propias historias se develan.<\/p>\n<div id=\"div-gpt-ad-inread-609c39459f221d0013ab45cb\" data-name=\"inread\" data-size=\"[[336,250], [300,250]]\" data-google-query-id=\"CNbEi5HlxfACFUnDhwoddqwApA\">\n<div id=\"google_ads_iframe_\/4334274\/inread_0__container__\">Se trata de un thriller psicol\u00f3gico que nos lleva a navegar por el inconsciente y su propia l\u00f3gica fragmentada\u2026 La infancia no es el lugar de felicidad y juego que nos han hecho creer; en ella tambi\u00e9n habita lo siniestro, lo ominoso\u2026 A veces, la locura es la \u00fanica opci\u00f3n antes de la muerte\u2026<\/div>\n<\/div>\n<p>La Corte de los Milagros una vez m\u00e1s, lleva al p\u00fablico a vivir una experiencia desde el suspenso, en la que es imposible no sentirse implicado y confrontado. Con la direcci\u00f3n actoral de Roc\u00edo Belmont, la dramaturgia de Andr\u00f3meda Mej\u00eda y la direcci\u00f3n audiovisual de Leticia Olvera, se integra una propuesta donde lo esc\u00e9nico toca sus l\u00edmites atravesado por los medios digitales y la virtualidad.<\/p>\n<p>El elenco es conformado por la misma Roc\u00edo Belmont, Andr\u00f3meda Mej\u00eda y Tony Marc\u00edn, con el dise\u00f1o sonoro de Homero Guerrero, multimedia online de C\u00e9sar G\u00e1lvez y asistencia de direcci\u00f3n y c\u00e1mara de Uriel Ledesma. Fue un proyecto beneficiado por el Sistema de apoyos a la creaci\u00f3n y a proyectos culturales (Fonca).<\/p>\n<p>Se realizar\u00e1n 4 experiencias con duraci\u00f3n de 4 d\u00edas, de mi\u00e9rcoles a s\u00e1bado: Del 12 al 15 de mayo, del 19 al 22 de mayo, del 26 al 29 de mayo y del 2 al 5 de junio respectivamente; el p\u00fablico elige su semana de experiencia por una amigable aportaci\u00f3n voluntaria a trav\u00e9s de www.lacortedelosmilagros.com<\/p>\n","protected":false},"excerpt":{"rendered":"<p>Canc\u00fan.- La compa\u00f1\u00eda teatral La Corte de los Milagros presenta la segunda temporada de la&#8230;<\/p>\n","protected":false},"author":1,"featured_media":3424,"comment_status":"open","ping_status":"open","sticky":false,"template":"","format":"standard","meta":{"footnotes":""},"categories":[9],"tags":[],"class_list":["post-3423","post","type-post","status-publish","format-standard","has-post-thumbnail","hentry","category-espectaculos"],"_links":{"self":[{"href":"https:\/\/xn--huracnpolmicocancnquintanaroo-knc6wmu.com\/index.php?rest_route=\/wp\/v2\/posts\/3423","targetHints":{"allow":["GET"]}}],"collection":[{"href":"https:\/\/xn--huracnpolmicocancnquintanaroo-knc6wmu.com\/index.php?rest_route=\/wp\/v2\/posts"}],"about":[{"href":"https:\/\/xn--huracnpolmicocancnquintanaroo-knc6wmu.com\/index.php?rest_route=\/wp\/v2\/types\/post"}],"author":[{"embeddable":true,"href":"https:\/\/xn--huracnpolmicocancnquintanaroo-knc6wmu.com\/index.php?rest_route=\/wp\/v2\/users\/1"}],"replies":[{"embeddable":true,"href":"https:\/\/xn--huracnpolmicocancnquintanaroo-knc6wmu.com\/index.php?rest_route=%2Fwp%2Fv2%2Fcomments&post=3423"}],"version-history":[{"count":1,"href":"https:\/\/xn--huracnpolmicocancnquintanaroo-knc6wmu.com\/index.php?rest_route=\/wp\/v2\/posts\/3423\/revisions"}],"predecessor-version":[{"id":3425,"href":"https:\/\/xn--huracnpolmicocancnquintanaroo-knc6wmu.com\/index.php?rest_route=\/wp\/v2\/posts\/3423\/revisions\/3425"}],"wp:featuredmedia":[{"embeddable":true,"href":"https:\/\/xn--huracnpolmicocancnquintanaroo-knc6wmu.com\/index.php?rest_route=\/wp\/v2\/media\/3424"}],"wp:attachment":[{"href":"https:\/\/xn--huracnpolmicocancnquintanaroo-knc6wmu.com\/index.php?rest_route=%2Fwp%2Fv2%2Fmedia&parent=3423"}],"wp:term":[{"taxonomy":"category","embeddable":true,"href":"https:\/\/xn--huracnpolmicocancnquintanaroo-knc6wmu.com\/index.php?rest_route=%2Fwp%2Fv2%2Fcategories&post=3423"},{"taxonomy":"post_tag","embeddable":true,"href":"https:\/\/xn--huracnpolmicocancnquintanaroo-knc6wmu.com\/index.php?rest_route=%2Fwp%2Fv2%2Ftags&post=3423"}],"curies":[{"name":"wp","href":"https:\/\/api.w.org\/{rel}","templated":true}]}}