{"id":3426,"date":"2021-05-14T11:21:35","date_gmt":"2021-05-14T11:21:35","guid":{"rendered":"https:\/\/xn--huracnpolmicocancnquintanaroo-knc6wmu.com\/?p=3426"},"modified":"2021-05-14T03:30:09","modified_gmt":"2021-05-14T03:30:09","slug":"se-mantiene-quintana-roo-en-semaforo-naranja","status":"publish","type":"post","link":"https:\/\/xn--huracnpolmicocancnquintanaroo-knc6wmu.com\/?p=3426","title":{"rendered":"Se mantiene Quintana Roo en Sem\u00e1foro Naranja"},"content":{"rendered":"<p>Se mantiene Quintana Roo en\u00a0Sem\u00e1foro Naranja, pese al incontenible aumento de contagios que se ha registrado en las \u00faltimas semanas, y que solo el d\u00eda de ayer sum\u00f3 173 casos mas, las autoridades de salud del estado determinaron mantener a la entidad en color naranja de la alerta epidemiol\u00f3gica por lo pronto hasta el 23 de mayo.<\/p>\n<div class=\"afw afw_custom  afw_ad afwadid-267205  \" data-ad-id=\"267205\">\n<div id=\"div-gpt-ad-1571779814198-0\" data-google-query-id=\"CLHdlZ-cyPACFRcC0AQdThAGMg\">\n<div id=\"google_ads_iframe_\/121287434\/web750_0__container__\">El aviso de esta decisi\u00f3n fue emitido hace unos minutos por el gobernador del estado Carlos Joaqu\u00edn Gonz\u00e1lez, durante la actualizaci\u00f3n del Sem\u00e1foro Estatal de Riesgo Epidemiol\u00f3gico que se trasmite a trav\u00e9s del Sistema Quintanarroense de Comunicaci\u00f3n Social, horas antes, se hab\u00eda deslizado la posibilidad inminente de un cambio a color rojo en la alerta.<\/div>\n<\/div>\n<\/div>\n<p>Por el momento, no fue as\u00ed, sin embargo, el mandatario exhort\u00f3 a endurecer las medidas de prevenci\u00f3n de la ciudadania, poniendo especial \u00e9nfasis en la total prohibici\u00f3n de eventos masivos y fiestas que a la fecha, se realizan en muchos lugares, pues estamos a un m\u00ednimo del regreso al color rojo para la siguiente semana.<\/p>\n<p>Joaqu\u00edn Gonzalez pidi\u00f3 trabajar juntos para lograr mejores condiciones para el estado, que permitan no avanzar al temido color rojo del Sem\u00e1foro Epidemiol\u00f3gico, ya que en estos momentos, Quintana Roo es el \u00fanico estado en el pa\u00eds que registra un crecimiento en la velocidad de casos que lo ponen en la antesala de alerta roja m\u00e1xima.<\/p>\n<p><img loading=\"lazy\" decoding=\"async\" class=\"aligncenter wp-image-282908 size-full\" src=\"https:\/\/turquesanews.mx\/wp-content\/uploads\/2021\/05\/Semaforo-naranja3.jpg.webp\" sizes=\"auto, (max-width: 636px) 100vw, 636px\" srcset=\"https:\/\/turquesanews.mx\/wp-content\/uploads\/2021\/05\/Semaforo-naranja3.jpg.webp 636w, https:\/\/turquesanews.mx\/wp-content\/uploads\/2021\/05\/Semaforo-naranja3-300x170.jpg.webp 300w\" width=\"636\" height=\"361\" \/><\/p>\n<p>Tambi\u00e9n anunci\u00f3 un cambio de estrategias relativas a la contenci\u00f3n de la pandemia, entre las que destacan el cierre de algunas avenidas en municipios de la zona norte, para limitar la movilidad, y por tanto, presuntamente la dispersi\u00f3n del contagio.<\/p>\n<p>El gobernador fue incisivo, en que se debe evitar a toda costa la evoluci\u00f3n al color rojo en el estado, pues esto equivaldr\u00eda al confinamiento poblacional nuevamente, y se afectar\u00eda a el transporte p\u00fablico, ocupaci\u00f3n hotelera, cancelaci\u00f3n de vuelos, y el cierre de comercios al p\u00fablico como restaurantes, plazas comerciales etc.<\/p>\n<p><img loading=\"lazy\" decoding=\"async\" class=\"aligncenter wp-image-282909 size-full\" src=\"https:\/\/turquesanews.mx\/wp-content\/uploads\/2021\/05\/Semaforo-naranja1.jpg.webp\" sizes=\"auto, (max-width: 631px) 100vw, 631px\" srcset=\"https:\/\/turquesanews.mx\/wp-content\/uploads\/2021\/05\/Semaforo-naranja1.jpg.webp 631w, https:\/\/turquesanews.mx\/wp-content\/uploads\/2021\/05\/Semaforo-naranja1-300x168.jpg.webp 300w, https:\/\/turquesanews.mx\/wp-content\/uploads\/2021\/05\/Semaforo-naranja1-600x337.jpg.webp 600w\" width=\"631\" height=\"353\" \/><\/p>\n<p>En estos momentos, el estado registra un total de 24 mil 626 casos de contagio de covid-19 hasta el d\u00eda de hoy, contabilizados con la suma de los 188 nuevos casos reportados en las \u00faltimas 24 horas.<\/p>\n","protected":false},"excerpt":{"rendered":"<p>Se mantiene Quintana Roo en\u00a0Sem\u00e1foro Naranja, pese al incontenible aumento de contagios que se ha&#8230;<\/p>\n","protected":false},"author":1,"featured_media":3427,"comment_status":"open","ping_status":"open","sticky":false,"template":"","format":"standard","meta":{"footnotes":""},"categories":[2],"tags":[],"class_list":["post-3426","post","type-post","status-publish","format-standard","has-post-thumbnail","hentry","category-local"],"_links":{"self":[{"href":"https:\/\/xn--huracnpolmicocancnquintanaroo-knc6wmu.com\/index.php?rest_route=\/wp\/v2\/posts\/3426","targetHints":{"allow":["GET"]}}],"collection":[{"href":"https:\/\/xn--huracnpolmicocancnquintanaroo-knc6wmu.com\/index.php?rest_route=\/wp\/v2\/posts"}],"about":[{"href":"https:\/\/xn--huracnpolmicocancnquintanaroo-knc6wmu.com\/index.php?rest_route=\/wp\/v2\/types\/post"}],"author":[{"embeddable":true,"href":"https:\/\/xn--huracnpolmicocancnquintanaroo-knc6wmu.com\/index.php?rest_route=\/wp\/v2\/users\/1"}],"replies":[{"embeddable":true,"href":"https:\/\/xn--huracnpolmicocancnquintanaroo-knc6wmu.com\/index.php?rest_route=%2Fwp%2Fv2%2Fcomments&post=3426"}],"version-history":[{"count":1,"href":"https:\/\/xn--huracnpolmicocancnquintanaroo-knc6wmu.com\/index.php?rest_route=\/wp\/v2\/posts\/3426\/revisions"}],"predecessor-version":[{"id":3428,"href":"https:\/\/xn--huracnpolmicocancnquintanaroo-knc6wmu.com\/index.php?rest_route=\/wp\/v2\/posts\/3426\/revisions\/3428"}],"wp:featuredmedia":[{"embeddable":true,"href":"https:\/\/xn--huracnpolmicocancnquintanaroo-knc6wmu.com\/index.php?rest_route=\/wp\/v2\/media\/3427"}],"wp:attachment":[{"href":"https:\/\/xn--huracnpolmicocancnquintanaroo-knc6wmu.com\/index.php?rest_route=%2Fwp%2Fv2%2Fmedia&parent=3426"}],"wp:term":[{"taxonomy":"category","embeddable":true,"href":"https:\/\/xn--huracnpolmicocancnquintanaroo-knc6wmu.com\/index.php?rest_route=%2Fwp%2Fv2%2Fcategories&post=3426"},{"taxonomy":"post_tag","embeddable":true,"href":"https:\/\/xn--huracnpolmicocancnquintanaroo-knc6wmu.com\/index.php?rest_route=%2Fwp%2Fv2%2Ftags&post=3426"}],"curies":[{"name":"wp","href":"https:\/\/api.w.org\/{rel}","templated":true}]}}