{"id":3466,"date":"2021-05-16T11:32:26","date_gmt":"2021-05-16T11:32:26","guid":{"rendered":"https:\/\/xn--huracnpolmicocancnquintanaroo-knc6wmu.com\/?p=3466"},"modified":"2021-05-16T04:38:00","modified_gmt":"2021-05-16T04:38:00","slug":"argentina-registra-mas-de-70-mil-fallecidos-por-covid","status":"publish","type":"post","link":"https:\/\/xn--huracnpolmicocancnquintanaroo-knc6wmu.com\/?p=3466","title":{"rendered":"Argentina registra m\u00e1s de 70 mil fallecidos por covid"},"content":{"rendered":"<p><strong>Argentina\u00a0<\/strong>super\u00f3 este s\u00e1bado los 70 mil muertos por\u00a0<strong>covid\u00a0desde que se inici\u00f3\u00a0<\/strong>la pandemia mientras el promedio diario de nuevos casos no cede y se ubica por encima de 20.000, informaron las autoridades.<\/p>\n<p>Seg\u00fan el \u00faltimo parte del<strong>\u00a0Ministerio de Salud,\u00a0<\/strong>en las \u00faltimas 24 horas se contabilizaron 400 decesos por covid, lo que lleva el<strong>\u00a0balance de muertes a 70.253.<\/strong><\/p>\n<p>Tambi\u00e9n se informaron 21.469 nuevos positivos, por lo que el virus ya contagi\u00f3 a 3.290.935 personas sobre un total de 45 millones de habitantes.<\/p>\n<p>Uno de los indicadores que m\u00e1s preocupa a las autoridades es la ocupaci\u00f3n en las unidades de terapia intensiva que viene en aumento en los \u00faltimos nueve d\u00edas.<\/p>\n<p>Seg\u00fan el reporte oficial, 5.517 personas permanecen hospitalizadas en cuidados intensivos en todo el pa\u00eds.<\/p>\n<p>La ocupaci\u00f3n es del 70,1% a nivel nacional y sube al 76,5% en la zona metropolitana de Buenos Aires, donde habitan 15 millones de personas.<\/p>\n<p>La semana pasada, la cartera de Salud confirm\u00f3 por primera vez la detecci\u00f3n de las variantes de covid-19 conocidas como de India y de Sud\u00e1frica en tres viajeros que ingresaron al pa\u00eds provenientes de Francia y Espa\u00f1a.<\/p>\n<p>Las fronteras permanecen cerradas y el ingreso est\u00e1 permitido solo para los argentinos y extranjeros residentes.<\/p>\n<p>En\u00a0<strong>Argentina\u00a0<\/strong>ya circula la denominada cepa de Manaos, la de Rio de Janeiro y la del Reino Unido.<\/p>\n<p>El gobierno reforz\u00f3 desde mediados de abril las medidas para reducir la circulaci\u00f3n de personas con la intenci\u00f3n de frenar la curva de contagios.<\/p>\n<p><strong>Argentina\u00a0<\/strong>ya recibi\u00f3 11,4 millones de vacunas de distintos laboratorios, en tanto ya fueron vacunadas 9,9 millones de personas, 1,8 de ellas con el esquema completo de dos dosis.<\/p>\n<p>Hasta el 21 de mayo rigen restricciones a la<strong>\u00a0circulaci\u00f3n nocturna\u00a0<\/strong>de la poblaci\u00f3n, horarios comerciales reducidos y la prohibici\u00f3n de reuniones sociales, seg\u00fan un decreto del presidente Alberto Fern\u00e1ndez.<\/p>\n<p>El mandatario tambi\u00e9n orden\u00f3 la suspensi\u00f3n de las clases presenciales en las escuelas de la capital argentina y la provincia de Buenos Aires, la regi\u00f3n del pa\u00eds m\u00e1s poblada y con mayor cantidad de contagios.<\/p>\n<p>Sin embargo, el opositor alcalde de Buenos Aires,<strong>\u00a0Horacio Rodr\u00edguez Larreta<\/strong>, interpuso una medida judicial y obtuvo el respaldo de la Corte Suprema para mantener la presencialidad en las escuelas primarias, pese a la oposici\u00f3n de los sindicatos que reclaman ser priorizados en la vacunaci\u00f3n.<\/p>\n<p>La ciudad de Buenos Aires, el distrito m\u00e1s rico de\u00a0<strong>Argentina<\/strong>, ha vacunado hasta el momento al 14% de sus docentes, s\u00f3lo por delante de la provincia de Tierra del Fuego (13,6%).<\/p>\n","protected":false},"excerpt":{"rendered":"<p>Argentina\u00a0super\u00f3 este s\u00e1bado los 70 mil muertos por\u00a0covid\u00a0desde que se inici\u00f3\u00a0la pandemia mientras el promedio&#8230;<\/p>\n","protected":false},"author":1,"featured_media":3467,"comment_status":"open","ping_status":"open","sticky":false,"template":"","format":"standard","meta":{"footnotes":""},"categories":[11],"tags":[],"class_list":["post-3466","post","type-post","status-publish","format-standard","has-post-thumbnail","hentry","category-internacional"],"_links":{"self":[{"href":"https:\/\/xn--huracnpolmicocancnquintanaroo-knc6wmu.com\/index.php?rest_route=\/wp\/v2\/posts\/3466","targetHints":{"allow":["GET"]}}],"collection":[{"href":"https:\/\/xn--huracnpolmicocancnquintanaroo-knc6wmu.com\/index.php?rest_route=\/wp\/v2\/posts"}],"about":[{"href":"https:\/\/xn--huracnpolmicocancnquintanaroo-knc6wmu.com\/index.php?rest_route=\/wp\/v2\/types\/post"}],"author":[{"embeddable":true,"href":"https:\/\/xn--huracnpolmicocancnquintanaroo-knc6wmu.com\/index.php?rest_route=\/wp\/v2\/users\/1"}],"replies":[{"embeddable":true,"href":"https:\/\/xn--huracnpolmicocancnquintanaroo-knc6wmu.com\/index.php?rest_route=%2Fwp%2Fv2%2Fcomments&post=3466"}],"version-history":[{"count":1,"href":"https:\/\/xn--huracnpolmicocancnquintanaroo-knc6wmu.com\/index.php?rest_route=\/wp\/v2\/posts\/3466\/revisions"}],"predecessor-version":[{"id":3468,"href":"https:\/\/xn--huracnpolmicocancnquintanaroo-knc6wmu.com\/index.php?rest_route=\/wp\/v2\/posts\/3466\/revisions\/3468"}],"wp:featuredmedia":[{"embeddable":true,"href":"https:\/\/xn--huracnpolmicocancnquintanaroo-knc6wmu.com\/index.php?rest_route=\/wp\/v2\/media\/3467"}],"wp:attachment":[{"href":"https:\/\/xn--huracnpolmicocancnquintanaroo-knc6wmu.com\/index.php?rest_route=%2Fwp%2Fv2%2Fmedia&parent=3466"}],"wp:term":[{"taxonomy":"category","embeddable":true,"href":"https:\/\/xn--huracnpolmicocancnquintanaroo-knc6wmu.com\/index.php?rest_route=%2Fwp%2Fv2%2Fcategories&post=3466"},{"taxonomy":"post_tag","embeddable":true,"href":"https:\/\/xn--huracnpolmicocancnquintanaroo-knc6wmu.com\/index.php?rest_route=%2Fwp%2Fv2%2Ftags&post=3466"}],"curies":[{"name":"wp","href":"https:\/\/api.w.org\/{rel}","templated":true}]}}