{"id":3507,"date":"2021-05-22T11:13:13","date_gmt":"2021-05-22T11:13:13","guid":{"rendered":"https:\/\/xn--huracnpolmicocancnquintanaroo-knc6wmu.com\/?p=3507"},"modified":"2021-05-22T04:21:53","modified_gmt":"2021-05-22T04:21:53","slug":"apoyo-a-personas-con-cancer-sera-fundamental-en-nuestra-agenda-mara-lezama","status":"publish","type":"post","link":"https:\/\/xn--huracnpolmicocancnquintanaroo-knc6wmu.com\/?p=3507","title":{"rendered":"\u201cApoyo a personas con c\u00e1ncer, ser\u00e1 fundamental en nuestra agenda\u201d: Mara Lezama"},"content":{"rendered":"<section id=\"mvp-content-main\" class=\"post-140594 post type-post status-publish format-standard has-post-thumbnail hentry category-cancun category-elecciones-q-roo-2021 tag-elecciones tag-juntos-haremos-historia-en-quintana-roo tag-mara-lezama tag-morena\">\n<div id=\"tps_slideContainer_140594\" class=\"theiaPostSlider_slides\">\n<div class=\"theiaPostSlider_preloadedSlide\">\n<p class=\"p1\"><span class=\"s1\"><strong>CANC\u00daN.-<\/strong>\u00a0Impulsar las acciones necesarias para atender los problemas urgentes que enfrentan quienes padecen c\u00e1ncer, as\u00ed como crear puentes de comunicaci\u00f3n entre los involucrados, es el compromiso al que se sum\u00f3 la candidata a la presidencia municipal de Benito Ju\u00e1rez,\u00a0<strong>Mara Lezama,<\/strong>\u00a0en colaboraci\u00f3n con m\u00e1s de 60 organizaciones enfocadas a la lucha contra este mal.<\/span><\/p>\n<p class=\"p1\"><span class=\"s1\">Durante un emotivo encuentro, en el que firm\u00f3 la carta compromiso #ElC\u00e1ncerEnLaAgenda, la abanderada de la coalici\u00f3n\u00a0<strong>\u201cJuntos Haremos Historia en Quintana Roo\u201d<\/strong>\u00a0coincidi\u00f3 en que esta propuesta tambi\u00e9n tiene la finalidad de que las ni\u00f1as, ni\u00f1os, adolescentes, mujeres y hombres con c\u00e1ncer, tengan acceso a una atenci\u00f3n digna, por lo que refrend\u00f3 su responsabilidad como luchadora social, posici\u00f3n desde la que siempre ha dedicado sus mejores esfuerzos para apoyar las causas de quienes m\u00e1s lo necesitan.<\/span><\/p>\n<blockquote>\n<p class=\"p1\"><span class=\"s1\">\u201cTenemos que luchar para ver como s\u00ed hacer nuestra labor, para que ning\u00fan ni\u00f1o, ning\u00fan adolescente, ninguna madre, ning\u00fan padre, ning\u00fan abuelo, padezca de no tener la oportunidad de seguir con el tratamiento, morderse las u\u00f1as pensando si va a tener la medicina o no, si va a tener una cama en el hospital o no, si va a tener para el transporte para ir al lugar donde tiene que recibir el tratamiento\u201d, mencion\u00f3.<\/span><\/p>\n<\/blockquote>\n<p class=\"p1\"><span class=\"s1\">Mara Lezama aclar\u00f3 que el hecho de que alg\u00fan tema en particular no se encuentre dentro de las facultades de una autoridad, no es pretexto para no realizar todas las gestiones necesarias para respaldar la noble causa que impulsan las organizaciones civiles.<\/span><\/p>\n<blockquote>\n<p class=\"p1\"><span class=\"s1\">\u201cEl impacto de la pandemia nos obliga a revalorar la vida humana. Pone en justa dimensi\u00f3n la importancia de la salud. A los servidores p\u00fablicos nos obliga a colocar a las personas como la prioridad entre las prioridades. Todo el entramado de pol\u00edticas p\u00fablicas debe organizarse con esa convicci\u00f3n y desde luego que la atenci\u00f3n y el apoyo a las personas con c\u00e1ncer forma parte de esa agenda\u201d, destac\u00f3.<\/span><\/p>\n<\/blockquote>\n<p class=\"p1\"><span class=\"s1\">En el encuentro se dio a conocer que el compromiso firmado junto con las dem\u00e1s candidatas y candidatos de dicha coalici\u00f3n, tiene el objetivo de atender 5 necesidades de los pacientes oncol\u00f3gicos, consideradas como urgentes: Dar soluci\u00f3n al desabasto de medicamentos para menores y adultos; defender y aumentar el presupuesto p\u00fablico enfocado a la prevenci\u00f3n, diagn\u00f3stico, tratamiento e investigaci\u00f3n del c\u00e1ncer; e incorporar la atenci\u00f3n de todos los tipos de c\u00e1nceres en el Compendio Nacional de Insumos para la Salud.<\/span><\/p>\n<\/div>\n<\/div>\n<\/section>\n","protected":false},"excerpt":{"rendered":"<p>CANC\u00daN.-\u00a0Impulsar las acciones necesarias para atender los problemas urgentes que enfrentan quienes padecen c\u00e1ncer, as\u00ed&#8230;<\/p>\n","protected":false},"author":1,"featured_media":3508,"comment_status":"open","ping_status":"open","sticky":false,"template":"","format":"standard","meta":{"footnotes":""},"categories":[2],"tags":[],"class_list":["post-3507","post","type-post","status-publish","format-standard","has-post-thumbnail","hentry","category-local"],"_links":{"self":[{"href":"https:\/\/xn--huracnpolmicocancnquintanaroo-knc6wmu.com\/index.php?rest_route=\/wp\/v2\/posts\/3507","targetHints":{"allow":["GET"]}}],"collection":[{"href":"https:\/\/xn--huracnpolmicocancnquintanaroo-knc6wmu.com\/index.php?rest_route=\/wp\/v2\/posts"}],"about":[{"href":"https:\/\/xn--huracnpolmicocancnquintanaroo-knc6wmu.com\/index.php?rest_route=\/wp\/v2\/types\/post"}],"author":[{"embeddable":true,"href":"https:\/\/xn--huracnpolmicocancnquintanaroo-knc6wmu.com\/index.php?rest_route=\/wp\/v2\/users\/1"}],"replies":[{"embeddable":true,"href":"https:\/\/xn--huracnpolmicocancnquintanaroo-knc6wmu.com\/index.php?rest_route=%2Fwp%2Fv2%2Fcomments&post=3507"}],"version-history":[{"count":1,"href":"https:\/\/xn--huracnpolmicocancnquintanaroo-knc6wmu.com\/index.php?rest_route=\/wp\/v2\/posts\/3507\/revisions"}],"predecessor-version":[{"id":3509,"href":"https:\/\/xn--huracnpolmicocancnquintanaroo-knc6wmu.com\/index.php?rest_route=\/wp\/v2\/posts\/3507\/revisions\/3509"}],"wp:featuredmedia":[{"embeddable":true,"href":"https:\/\/xn--huracnpolmicocancnquintanaroo-knc6wmu.com\/index.php?rest_route=\/wp\/v2\/media\/3508"}],"wp:attachment":[{"href":"https:\/\/xn--huracnpolmicocancnquintanaroo-knc6wmu.com\/index.php?rest_route=%2Fwp%2Fv2%2Fmedia&parent=3507"}],"wp:term":[{"taxonomy":"category","embeddable":true,"href":"https:\/\/xn--huracnpolmicocancnquintanaroo-knc6wmu.com\/index.php?rest_route=%2Fwp%2Fv2%2Fcategories&post=3507"},{"taxonomy":"post_tag","embeddable":true,"href":"https:\/\/xn--huracnpolmicocancnquintanaroo-knc6wmu.com\/index.php?rest_route=%2Fwp%2Fv2%2Ftags&post=3507"}],"curies":[{"name":"wp","href":"https:\/\/api.w.org\/{rel}","templated":true}]}}