{"id":3511,"date":"2021-05-22T11:29:53","date_gmt":"2021-05-22T11:29:53","guid":{"rendered":"https:\/\/xn--huracnpolmicocancnquintanaroo-knc6wmu.com\/?p=3511"},"modified":"2021-05-22T04:35:48","modified_gmt":"2021-05-22T04:35:48","slug":"buenas-noticias-la-mitad-del-pais-esta-en-color-verde-del-semaforo-epidemico","status":"publish","type":"post","link":"https:\/\/xn--huracnpolmicocancnquintanaroo-knc6wmu.com\/?p=3511","title":{"rendered":"\u00a1Buenas noticias! La mitad del pa\u00eds est\u00e1 en color verde del Sem\u00e1foro epid\u00e9mico"},"content":{"rendered":"<p>\u00a1Buenas noticias! La mitad del pa\u00eds est\u00e1 en color verde del Sem\u00e1foro epid\u00e9mico. Dentro de las actualizaciones que da la Secretar\u00eda de Salud, del Sem\u00e1foro de Riesgo Covid-19, que estar\u00e1 vigente a partir del pr\u00f3ximo lunes 24 de mayo y hasta el domingo 6 de junio; se dio a conocer que estados estar\u00e1n en verde, amarillo y naranja, del sem\u00e1foro epidemiol\u00f3gico.<\/p>\n<div class=\"afw afw_custom  afw_ad afwadid-267205  \" data-ad-id=\"267205\">\n<div id=\"div-gpt-ad-1571779814198-0\" data-google-query-id=\"CLfTpeO63PACFUra4QodRg4OUQ\">\n<div id=\"google_ads_iframe_\/121287434\/web750_0__container__\">Asimismo, en la m\u00e1s reciente actualizaci\u00f3n, ning\u00fan estado se encuentra en color rojo, y solo uno, Quintana Roo est\u00e1 ubicado en color naranja; en el sem\u00e1foro de contagio por Covid-19.<\/div>\n<\/div>\n<\/div>\n<p><strong><a href=\"https:\/\/twitter.com\/HLGatell\">Hugo L\u00f3pez-Gatell<\/a><\/strong>, subdirector de Prevenci\u00f3n y Promoci\u00f3n de la Salud, indic\u00f3 que para las pr\u00f3ximas dos semanas, que van del lunes 24 de mayo al domingo 6 de junio, no hay estados en color rojo.<\/p>\n<p>Tambi\u00e9n, se dio a conocer que 15 entidades, incluyendo la Ciudad de M\u00e9xico y el Estadio de M\u00e9xico, se localizan en el color amarillo del sem\u00e1foro epidemiol\u00f3gico; los otros 16 estados, est\u00e1n en color verde, o riesgo m\u00ednimo de contagio.<\/p>\n<h2>16 estados se encuentran en verde del Sem\u00e1foro epidemiol\u00f3gico<\/h2>\n<p>A trav\u00e9s de una conferencia virtual, esta tarde de este viernes 21 de mayo, la\u00a0<strong><a href=\"https:\/\/twitter.com\/SSalud_mx\">Secretar\u00eda de Salud<\/a><\/strong>\u00a0inform\u00f3 que M\u00e9xico suma 221 mil 256 defunciones ocasionadas por el nuevo coronavirus Covid-19. Asimismo, la buena noticia, de que la mitad del pa\u00eds, se encuentra en sem\u00e1foro verde.<\/p>\n<div class=\"twitter-tweet twitter-tweet-rendered\"><iframe id=\"twitter-widget-0\" class=\"\" title=\"Twitter Tweet\" src=\"https:\/\/platform.twitter.com\/embed\/Tweet.html?creatorScreenName=infoturquesa&amp;dnt=true&amp;embedId=twitter-widget-0&amp;features=eyJ0ZndfZXhwZXJpbWVudHNfY29va2llX2V4cGlyYXRpb24iOnsiYnVja2V0IjoxMjA5NjAwLCJ2ZXJzaW9uIjpudWxsfSwidGZ3X2hvcml6b25fdHdlZXRfZW1iZWRfOTU1NSI6eyJidWNrZXQiOiJodGUiLCJ2ZXJzaW9uIjpudWxsfSwidGZ3X3R3ZWV0X2VtYmVkX2NsaWNrYWJpbGl0eV8xMjEwMiI6eyJidWNrZXQiOiJjb250cm9sIiwidmVyc2lvbiI6bnVsbH19&amp;frame=false&amp;hideCard=false&amp;hideThread=false&amp;id=1395892488364171264&amp;lang=es&amp;origin=https%3A%2F%2Fturquesanews.mx%2Fmexico%2Fbuenas-noticias-la-mitad-del-pais-esta-en-color-verde-del-semaforo-epidemico%2F&amp;sessionId=6da4b4de0ae1d9c8d41b6310eb6e66cbaf57cb6f&amp;siteScreenName=infoturquesa&amp;theme=light&amp;widgetsVersion=82e1070%3A1619632193066&amp;width=550px\" frameborder=\"0\" scrolling=\"no\" allowfullscreen=\"allowfullscreen\" data-tweet-id=\"1395892488364171264\" data-mce-fragment=\"1\"><\/iframe><\/div>\n<p>Asimismo, la dependencia del Gobierno de M\u00e9xico detall\u00f3 que el pa\u00eds tiene dos millones 579 mil 138 casos positivos estimados por el virus surgido en Wuhan, China. Hasta este d\u00eda han dos millones 392 mil 744 casos positivos.<\/p>\n<p>En el informe, la Secretar\u00eda de Salud se\u00f1al\u00f3 que el pa\u00eds tendr\u00eda 18 mil 199 casos activos estimados por la nueva pandemia surgida en la ciudad de Wuhan, China.<\/p>\n<p>La Secretar\u00eda de Salud registr\u00f3 176 muertes y dos mil 604 nuevos casos positivos, en las \u00faltimas 24 horas.<\/p>\n","protected":false},"excerpt":{"rendered":"<p>\u00a1Buenas noticias! La mitad del pa\u00eds est\u00e1 en color verde del Sem\u00e1foro epid\u00e9mico. Dentro de&#8230;<\/p>\n","protected":false},"author":1,"featured_media":3512,"comment_status":"open","ping_status":"open","sticky":false,"template":"","format":"standard","meta":{"footnotes":""},"categories":[12],"tags":[],"class_list":["post-3511","post","type-post","status-publish","format-standard","has-post-thumbnail","hentry","category-nacional"],"_links":{"self":[{"href":"https:\/\/xn--huracnpolmicocancnquintanaroo-knc6wmu.com\/index.php?rest_route=\/wp\/v2\/posts\/3511","targetHints":{"allow":["GET"]}}],"collection":[{"href":"https:\/\/xn--huracnpolmicocancnquintanaroo-knc6wmu.com\/index.php?rest_route=\/wp\/v2\/posts"}],"about":[{"href":"https:\/\/xn--huracnpolmicocancnquintanaroo-knc6wmu.com\/index.php?rest_route=\/wp\/v2\/types\/post"}],"author":[{"embeddable":true,"href":"https:\/\/xn--huracnpolmicocancnquintanaroo-knc6wmu.com\/index.php?rest_route=\/wp\/v2\/users\/1"}],"replies":[{"embeddable":true,"href":"https:\/\/xn--huracnpolmicocancnquintanaroo-knc6wmu.com\/index.php?rest_route=%2Fwp%2Fv2%2Fcomments&post=3511"}],"version-history":[{"count":1,"href":"https:\/\/xn--huracnpolmicocancnquintanaroo-knc6wmu.com\/index.php?rest_route=\/wp\/v2\/posts\/3511\/revisions"}],"predecessor-version":[{"id":3513,"href":"https:\/\/xn--huracnpolmicocancnquintanaroo-knc6wmu.com\/index.php?rest_route=\/wp\/v2\/posts\/3511\/revisions\/3513"}],"wp:featuredmedia":[{"embeddable":true,"href":"https:\/\/xn--huracnpolmicocancnquintanaroo-knc6wmu.com\/index.php?rest_route=\/wp\/v2\/media\/3512"}],"wp:attachment":[{"href":"https:\/\/xn--huracnpolmicocancnquintanaroo-knc6wmu.com\/index.php?rest_route=%2Fwp%2Fv2%2Fmedia&parent=3511"}],"wp:term":[{"taxonomy":"category","embeddable":true,"href":"https:\/\/xn--huracnpolmicocancnquintanaroo-knc6wmu.com\/index.php?rest_route=%2Fwp%2Fv2%2Fcategories&post=3511"},{"taxonomy":"post_tag","embeddable":true,"href":"https:\/\/xn--huracnpolmicocancnquintanaroo-knc6wmu.com\/index.php?rest_route=%2Fwp%2Fv2%2Ftags&post=3511"}],"curies":[{"name":"wp","href":"https:\/\/api.w.org\/{rel}","templated":true}]}}