{"id":3561,"date":"2021-05-28T11:08:28","date_gmt":"2021-05-28T11:08:28","guid":{"rendered":"https:\/\/xn--huracnpolmicocancnquintanaroo-knc6wmu.com\/?p=3561"},"modified":"2021-05-28T05:23:42","modified_gmt":"2021-05-28T05:23:42","slug":"video-enfrentamientos-en-colombia-deja-mas-de-30-heridos","status":"publish","type":"post","link":"https:\/\/xn--huracnpolmicocancnquintanaroo-knc6wmu.com\/?p=3561","title":{"rendered":"(VIDEO) Enfrentamientos en Colombia deja m\u00e1s de 30 heridos"},"content":{"rendered":"<p>Enfrentamientos en Colombia deja m\u00e1s de 30 heridos. Contin\u00faan las protestas en Colombia, ahora contra el gobierno del presidente de Colombia, el conservador Iv\u00e1n Duque; los enfrentamientos dejaron 25 civiles, y cuatro polic\u00edas heridos, en el sur de Bogot\u00e1, seg\u00fan autoridades civiles.<\/p>\n<div class=\"afw afw_custom afw_ad afwadid-267205 \" data-ad-id=\"267205\">\n<div id=\"div-gpt-ad-1571779814198-0\" data-google-query-id=\"CL7tuYXO6_ACFVnF4Qod8B8L5Q\">\n<div id=\"google_ads_iframe_\/121287434\/web750_0__container__\">Los enfrentamientos se dieron de nueva cuenta noche del mi\u00e9rcoles;\u00a0 los manifestantes chocaron de nuevo con la polic\u00eda en varios puntos de la ciudad; en el marco de la movilizaci\u00f3n que ya completa un mes en rechazo a los abusos policiales y la gesti\u00f3n del gobierno de la grave crisis social y econ\u00f3mica, que produjo la pandemia.<\/div>\n<\/div>\n<\/div>\n<p>Hasta el momento en el pa\u00eds, las protestas han dejado al menos 43 muertos; seg\u00fan autoridades, 41 de ellos civiles.<br \/>\nSin embargo, este \u00faltimo enfrentamiento fue anoche, en la capital \u201cJohnatan Guarnizo result\u00f3 herido por un gas lacrim\u00f3geno disparado directo a su cabeza\u201d por un polic\u00eda antidisturbios, denunci\u00f3 la alcaldesa\u00a0<strong>Claudia L\u00f3pez<\/strong>\u00a0en Twitter.<\/p>\n<p>La v\u00edctima lesionada, de 29 a\u00f1os se encuentra \u201cestable\u201d, agreg\u00f3 L\u00f3pez, quien calific\u00f3 el hecho como un \u201cabuso policial\u201d. D\u00edas antes, la alcaldesa pidi\u00f3 \u201cperd\u00f3n\u201d a los j\u00f3venes por \u201clos abusos cometidos contra su leg\u00edtima movilizaci\u00f3n\u201d.<\/p>\n<div class=\"afw afw-ga afw_ad afwadid-267359 \" data-ad-id=\"267359\">\n<blockquote class=\"twitter-tweet\" data-width=\"550\" data-dnt=\"true\">\n<p lang=\"es\" dir=\"ltr\">Condeno rotundamente los casos de abuso policial como este! Johnatan Guarnizo result\u00f3 herido por un gas lacrim\u00f3geno disparado directo a su cabeza por el ESMAD<\/p>\n<p>Gracias a Dios y a la atenci\u00f3n m\u00e9dica est\u00e1 consciente, estable y siendo atendido. Es uno de los 24 heridos ayer en Usme. <a href=\"https:\/\/t.co\/G83yUKMcdJ\">pic.twitter.com\/G83yUKMcdJ<\/a><\/p>\n<p>&mdash; Claudia L\u00f3pez Hern\u00e1ndez (@ClaudiaLopez) <a href=\"https:\/\/twitter.com\/ClaudiaLopez\/status\/1397936149079932929?ref_src=twsrc%5Etfw\">May 27, 2021<\/a><\/p><\/blockquote>\n<p><script async src=\"https:\/\/platform.twitter.com\/widgets.js\" charset=\"utf-8\"><\/script><\/p>\n<\/div>\n<p>Hasta el momento, la Cruz Roja ha presentado un balance de 139 lesionados en las protestas del mi\u00e9rcoles, cinco de ellos polic\u00edas. La mayor\u00eda sufri\u00f3 \u201cafectaciones en ojos y v\u00edas respiratorias\u201d.<\/p>\n<p>Las protestas en la capital han sido mayoritariamente pac\u00edficas, pero en las noches degeneran en choques entre manifestantes armados con piedras y bombas molotov y la polic\u00eda antidisturbios.<\/p>\n<h2>Gobierno de Colombia y manifestantes no se ponen de acuerdo<\/h2>\n<p>\u201cEs realmente muy, muy compleja la situaci\u00f3n en Bogot\u00e1\u201d, expres\u00f3 el secretario de gobierno, Luis Ernesto G\u00f3mez.<br \/>\nY es que como recordara, desde hace dos semanas el gobierno de Duque adelanta negociaciones con el sector m\u00e1s visible de los manifestantes, sin llegar a acuerdos.<\/p>\n<p>Asimismo, el llamado Comit\u00e9 Nacional de Paro exige que el presidente reconozca abusos de la fuerza p\u00fablica durante las protestas, mientras que el gobierno pide levantar unos 78 bloqueos de afectan el abastecimiento de varias ciudades.<\/p>\n<p>Sin embargo, una nueva jornada de movilizaciones ha sido convocada para este viernes, cuando se cumple un mes de protestas en uno de los pa\u00edses m\u00e1s desiguales de Am\u00e9rica Latina, seg\u00fan el Banco Mundial.<\/p>\n","protected":false},"excerpt":{"rendered":"<p>Enfrentamientos en Colombia deja m\u00e1s de 30 heridos. Contin\u00faan las protestas en Colombia, ahora contra&#8230;<\/p>\n","protected":false},"author":1,"featured_media":3562,"comment_status":"closed","ping_status":"closed","sticky":false,"template":"","format":"standard","meta":{"footnotes":""},"categories":[11],"tags":[],"class_list":["post-3561","post","type-post","status-publish","format-standard","has-post-thumbnail","hentry","category-internacional"],"_links":{"self":[{"href":"https:\/\/xn--huracnpolmicocancnquintanaroo-knc6wmu.com\/index.php?rest_route=\/wp\/v2\/posts\/3561","targetHints":{"allow":["GET"]}}],"collection":[{"href":"https:\/\/xn--huracnpolmicocancnquintanaroo-knc6wmu.com\/index.php?rest_route=\/wp\/v2\/posts"}],"about":[{"href":"https:\/\/xn--huracnpolmicocancnquintanaroo-knc6wmu.com\/index.php?rest_route=\/wp\/v2\/types\/post"}],"author":[{"embeddable":true,"href":"https:\/\/xn--huracnpolmicocancnquintanaroo-knc6wmu.com\/index.php?rest_route=\/wp\/v2\/users\/1"}],"replies":[{"embeddable":true,"href":"https:\/\/xn--huracnpolmicocancnquintanaroo-knc6wmu.com\/index.php?rest_route=%2Fwp%2Fv2%2Fcomments&post=3561"}],"version-history":[{"count":2,"href":"https:\/\/xn--huracnpolmicocancnquintanaroo-knc6wmu.com\/index.php?rest_route=\/wp\/v2\/posts\/3561\/revisions"}],"predecessor-version":[{"id":3564,"href":"https:\/\/xn--huracnpolmicocancnquintanaroo-knc6wmu.com\/index.php?rest_route=\/wp\/v2\/posts\/3561\/revisions\/3564"}],"wp:featuredmedia":[{"embeddable":true,"href":"https:\/\/xn--huracnpolmicocancnquintanaroo-knc6wmu.com\/index.php?rest_route=\/wp\/v2\/media\/3562"}],"wp:attachment":[{"href":"https:\/\/xn--huracnpolmicocancnquintanaroo-knc6wmu.com\/index.php?rest_route=%2Fwp%2Fv2%2Fmedia&parent=3561"}],"wp:term":[{"taxonomy":"category","embeddable":true,"href":"https:\/\/xn--huracnpolmicocancnquintanaroo-knc6wmu.com\/index.php?rest_route=%2Fwp%2Fv2%2Fcategories&post=3561"},{"taxonomy":"post_tag","embeddable":true,"href":"https:\/\/xn--huracnpolmicocancnquintanaroo-knc6wmu.com\/index.php?rest_route=%2Fwp%2Fv2%2Ftags&post=3561"}],"curies":[{"name":"wp","href":"https:\/\/api.w.org\/{rel}","templated":true}]}}