{"id":3565,"date":"2021-05-29T11:10:51","date_gmt":"2021-05-29T11:10:51","guid":{"rendered":"https:\/\/xn--huracnpolmicocancnquintanaroo-knc6wmu.com\/?p=3565"},"modified":"2021-05-29T07:16:04","modified_gmt":"2021-05-29T07:16:04","slug":"refuerzan-protocolos-en-hoteles-de-cancun-para-proteger-a-personal-del-covid","status":"publish","type":"post","link":"https:\/\/xn--huracnpolmicocancnquintanaroo-knc6wmu.com\/?p=3565","title":{"rendered":"Refuerzan protocolos en hoteles de Canc\u00fan para proteger a personal del COVID"},"content":{"rendered":"<p>Ante el preocupante incremento de\u00a0<strong>contagios<\/strong>\u00a0por\u00a0<strong>COVID-19<\/strong>\u00a0en<strong>\u00a0Quintana Roo<\/strong>, hoteleros de\u00a0<strong>Canc\u00fan<\/strong>\u00a0han decidido reforzar sus<strong>\u00a0medidas sanitarias<\/strong>\u00a0dentro de instalaciones para evitar que se registren casos positivos de este\u00a0<strong>virus<\/strong>\u00a0entre su personal.<\/p>\n<div class=\"banner hide--mobile\">\n<p>Al respecto, el presidente de la Asociaci\u00f3n de Hoteles de Canc\u00fan, Puerto Morelos e Isla Mujeres, Roberto Cintr\u00f3n G\u00f3mez, explic\u00f3 a\u00a0<strong>La Verdad Noticias<\/strong>\u00a0que hasta el momento la inversi\u00f3n realizada en los<strong>\u00a0centros de hospedaje\u00a0<\/strong>para implementar los\u00a0<strong>protocolos sanitarios<\/strong>\u00a0solicitados por\u00a0<strong>autoridades federales<\/strong>\u00a0y\u00a0<strong>estatales<\/strong>\u00a0han dado buenos resultados, prueba de ello es que no se han tenido un n\u00famero de casos alarmantes relacionados con contagios de COVID-19 entre trabajadores.<\/p>\n<div>\n<figure class=\"image\"><img decoding=\"async\" class=\"i-amphtml-fill-content i-amphtml-replaced-content\" src=\"https:\/\/laverdadnoticias.com\/__export\/1622252596464\/sites\/laverdad\/img\/2021\/05\/28\/protocolos_sanitarios_en_hoteles_de_cancun.jpg_150452389.jpg\" alt=\"Hoteleros de Canc\u00fan protegen a sus trabajadores del COVID-19\" \/><figcaption>Refuerzan protocolos en hoteles de Canc\u00fan para proteger a personal del COVID<\/figcaption><\/figure>\n<\/div>\n<p>Destac\u00f3 que el sector hotelero del\u00a0<strong>Caribe Mexicano<\/strong>\u00a0es uno de los que m\u00e1s ha reforzado las medidas sanitarias, motivo por el cual es poco probable que el repunte de\u00a0<strong>contagios<\/strong>\u00a0registrados durante las \u00faltimas semanas se deba a la\u00a0industria del turismo.<\/p>\n<div class=\"banner hide--mobile\">\n<p>&#8220;Desde el inicio de la r<strong>eactivaci\u00f3n tur\u00edstica\u00a0<\/strong>en\u00a0<strong>Quintana Roo<\/strong>, los hoteleros hemos acatado todas las indicaciones para implementar de manera correcta los protocolos sanitarios y de esta manera evitar poner en riesgo la\u00a0<strong>salud<\/strong>\u00a0de turistas y nuestro personal\u201d, expres\u00f3.<\/p>\n<h2>Noticias Canc\u00fan<\/h2>\n<p>Cintr\u00f3n G\u00f3mez precis\u00f3 que menos del uno por ciento de<strong>\u00a0turistas<\/strong>\u00a0ha resultado positivo en las pruebas que se aplican al salir del pa\u00eds dentro del\u00a0<strong>Aeropuerto<\/strong>\u00a0Internacional de\u00a0<strong>Canc\u00fan<\/strong>, lo cual muestra la\u00a0<strong>seguridad<\/strong>\u00a0para los viajeros desde su llegada a los centros de hospedaje, donde los trabajadores est\u00e1n protegidos y conocen de medidas sanitarias para convivir con ellos.<\/p>\n<div>\n<figure class=\"image\"><img decoding=\"async\" class=\"i-amphtml-fill-content i-amphtml-replaced-content\" src=\"https:\/\/laverdadnoticias.com\/__export\/1622252643031\/sites\/laverdad\/img\/2021\/05\/28\/roberto_citron.jpg_2017482976.jpg\" alt=\"Hoteleros de Canc\u00fan refuerzan protocolos sanitarios \" \/><figcaption>Refuerzan protocolos en hoteles de Canc\u00fan para proteger a personal del COVID<\/figcaption><\/figure>\n<\/div>\n<h2>Hoteleros protegen a sus trabajadores del COVID-19<\/h2>\n<p>Actualmente\u00a0<strong>Canc\u00fan<\/strong>\u00a0es el punto del\u00a0Caribe Mexicano\u00a0donde m\u00e1s se concretan los\u00a0<strong>contagios<\/strong>\u00a0de COVID-19 y hasta el momento existe un riesgo latente de retroceder al color rojo dentro del sem\u00e1foro epidemiol\u00f3gico estatal, lo cual representar\u00eda un duro golpe para todo el sector tur\u00edstico.<\/p>\n<div class=\"banner hide--mobile\">\n<div class=\"newsfull__body\">\n<p>El presidente de la Asociaci\u00f3n de Hoteles reiter\u00f3 el llamado a todos los involucrados dentro del\u00a0<strong>sector tur\u00edstico<\/strong>\u00a0para fortalecer y aplicar de manera responsable todos los\u00a0<strong>protocolos sanitarios<\/strong>\u00a0y de esta manera seguir avanzando en la reactivaci\u00f3n tur\u00edstica.<\/p>\n<\/div>\n<div class=\"module module--list module--relatednews\">\n<div class=\"module__header\"><\/div>\n<\/div>\n<\/div>\n<\/div>\n<\/div>\n","protected":false},"excerpt":{"rendered":"<p>Ante el preocupante incremento de\u00a0contagios\u00a0por\u00a0COVID-19\u00a0en\u00a0Quintana Roo, hoteleros de\u00a0Canc\u00fan\u00a0han decidido reforzar sus\u00a0medidas sanitarias\u00a0dentro de instalaciones para&#8230;<\/p>\n","protected":false},"author":1,"featured_media":3566,"comment_status":"closed","ping_status":"closed","sticky":false,"template":"","format":"standard","meta":{"footnotes":""},"categories":[2],"tags":[],"class_list":["post-3565","post","type-post","status-publish","format-standard","has-post-thumbnail","hentry","category-local"],"_links":{"self":[{"href":"https:\/\/xn--huracnpolmicocancnquintanaroo-knc6wmu.com\/index.php?rest_route=\/wp\/v2\/posts\/3565","targetHints":{"allow":["GET"]}}],"collection":[{"href":"https:\/\/xn--huracnpolmicocancnquintanaroo-knc6wmu.com\/index.php?rest_route=\/wp\/v2\/posts"}],"about":[{"href":"https:\/\/xn--huracnpolmicocancnquintanaroo-knc6wmu.com\/index.php?rest_route=\/wp\/v2\/types\/post"}],"author":[{"embeddable":true,"href":"https:\/\/xn--huracnpolmicocancnquintanaroo-knc6wmu.com\/index.php?rest_route=\/wp\/v2\/users\/1"}],"replies":[{"embeddable":true,"href":"https:\/\/xn--huracnpolmicocancnquintanaroo-knc6wmu.com\/index.php?rest_route=%2Fwp%2Fv2%2Fcomments&post=3565"}],"version-history":[{"count":1,"href":"https:\/\/xn--huracnpolmicocancnquintanaroo-knc6wmu.com\/index.php?rest_route=\/wp\/v2\/posts\/3565\/revisions"}],"predecessor-version":[{"id":3567,"href":"https:\/\/xn--huracnpolmicocancnquintanaroo-knc6wmu.com\/index.php?rest_route=\/wp\/v2\/posts\/3565\/revisions\/3567"}],"wp:featuredmedia":[{"embeddable":true,"href":"https:\/\/xn--huracnpolmicocancnquintanaroo-knc6wmu.com\/index.php?rest_route=\/wp\/v2\/media\/3566"}],"wp:attachment":[{"href":"https:\/\/xn--huracnpolmicocancnquintanaroo-knc6wmu.com\/index.php?rest_route=%2Fwp%2Fv2%2Fmedia&parent=3565"}],"wp:term":[{"taxonomy":"category","embeddable":true,"href":"https:\/\/xn--huracnpolmicocancnquintanaroo-knc6wmu.com\/index.php?rest_route=%2Fwp%2Fv2%2Fcategories&post=3565"},{"taxonomy":"post_tag","embeddable":true,"href":"https:\/\/xn--huracnpolmicocancnquintanaroo-knc6wmu.com\/index.php?rest_route=%2Fwp%2Fv2%2Ftags&post=3565"}],"curies":[{"name":"wp","href":"https:\/\/api.w.org\/{rel}","templated":true}]}}