{"id":3568,"date":"2021-05-29T11:42:37","date_gmt":"2021-05-29T11:42:37","guid":{"rendered":"https:\/\/xn--huracnpolmicocancnquintanaroo-knc6wmu.com\/?p=3568"},"modified":"2021-05-29T07:47:40","modified_gmt":"2021-05-29T07:47:40","slug":"cdmx-se-registra-fuerte-accidente-en-zona-cero-de-linea-12","status":"publish","type":"post","link":"https:\/\/xn--huracnpolmicocancnquintanaroo-knc6wmu.com\/?p=3568","title":{"rendered":"CDMX: Se registra fuerte accidente en \u201czona cero\u201d de L\u00ednea 12"},"content":{"rendered":"<p><strong>CIUDAD DE M\u00c9XICO.-<\/strong>\u00a0Trabajadores que quitaban una trabe en la llamada zona cero de la\u00a0<strong>L\u00ednea 12<\/strong>, en\u00a0<strong>Tl\u00e1huac<\/strong>, terminaron heridos despu\u00e9s de que una estructura se desprendiera.<\/p>\n<p>La Secretar\u00eda de Gesti\u00f3n Integral de Riesgos y Protecci\u00f3n Civil de la<a href=\"https:\/\/tramites.cdmx.gob.mx\/inicio\/\">\u00a0<strong>Ciudad de M\u00e9xico<\/strong>\u00a0<\/a>inform\u00f3 que tres trabajadores resultaron lesionados.<\/p>\n<blockquote><p>\u201cInformamos que, derivado de los trabajos de desmantelamiento de la trabe inclinada en la zona cero en Tl\u00e1huac, tres trabajadores resultaron lesionados.<\/p>\n<p>Se trata de lesiones menores, ya reciben atenci\u00f3n m\u00e9dica\u201d, detall\u00f3 desde su cuenta de\u00a0<strong>Twitter<\/strong>.<\/p><\/blockquote>\n<div class=\"twitter-tweet twitter-tweet-rendered\"><iframe id=\"twitter-widget-0\" class=\"\" title=\"Twitter Tweet\" src=\"https:\/\/platform.twitter.com\/embed\/Tweet.html?dnt=true&amp;embedId=twitter-widget-0&amp;features=eyJ0ZndfZXhwZXJpbWVudHNfY29va2llX2V4cGlyYXRpb24iOnsiYnVja2V0IjoxMjA5NjAwLCJ2ZXJzaW9uIjpudWxsfSwidGZ3X2hvcml6b25fdHdlZXRfZW1iZWRfOTU1NSI6eyJidWNrZXQiOiJodGUiLCJ2ZXJzaW9uIjpudWxsfSwidGZ3X3R3ZWV0X2VtYmVkX2NsaWNrYWJpbGl0eV8xMjEwMiI6eyJidWNrZXQiOiJjb250cm9sIiwidmVyc2lvbiI6bnVsbH19&amp;frame=false&amp;hideCard=false&amp;hideThread=false&amp;id=1398363657080299524&amp;lang=es&amp;origin=https%3A%2F%2Fwww.24horasqroo.mx%2Fnacional%2Fcdmx-se-registra-fuerte-accidente-en-zona-cero-de-linea-12%2F&amp;sessionId=6ae7a861d1ab58ffa3ce00e4713a13d1fac9a7ca&amp;theme=light&amp;widgetsVersion=82e1070%3A1619632193066&amp;width=550px\" frameborder=\"0\" scrolling=\"no\" allowfullscreen=\"allowfullscreen\" data-tweet-id=\"1398363657080299524\" data-mce-fragment=\"1\"><\/iframe><\/div>\n<p>Al parecer, el siniestro devino despu\u00e9s de que una trabe se viniera abajo, provocando la ca\u00edda de una estructura de cemento.<\/p>\n<p><strong>Los trabajadores fueron trasladados a un\u00a0hospital de la zona para su atenci\u00f3n<\/strong><\/p>\n<p>Horas antes, la\u00a0<strong>Fiscal\u00eda General de Justicia<\/strong>\u00a0(<a href=\"https:\/\/www.fgjcdmx.gob.mx\/\">FGJ<\/a>) hab\u00eda informado que el tramo siniestrado en la L\u00ednea 12 el pasado 3 de mayo ser\u00e1 analizado junto a las trabes en los talleres del Sistema de Transporte Colectivo Metro (STC) de Tl\u00e1huac.<\/p>\n<p>En conferencia, el vocero de la FGJ, Ulises Lara L\u00f3pez, explic\u00f3 que durante la noche del jueves y madrugada de este viernes, expertos cortaron las trabes para su traslado, en donde seguir\u00e1 el proceso pericial.<\/p>\n<p>Adem\u00e1s, anunci\u00f3 que se habilit\u00f3 una cuenta de Twitter para dar seguimiento al caso y los avances en la investigaci\u00f3n.<\/p>\n<blockquote><p>\u201cDurante la noche de ayer jueves 27 de mayo y la madrugada de este viernes, un grupo multidisciplinario de peritos expertos, trabaj\u00f3 en el corte para el retiro de las trabes.<\/p><\/blockquote>\n<p>\u201cPor lo que una vez que sean retiradas se trasladar\u00e1n tambi\u00e9n con la debida cadena de custodia a los talleres del\u00a0<strong>Sistema de Transporte Colectivo Metro<\/strong>\u00a0de Tl\u00e1huac, donde continuar\u00e1n los estudios periciales\u201d, detall\u00f3 el vocero.<\/p>\n","protected":false},"excerpt":{"rendered":"<p>CIUDAD DE M\u00c9XICO.-\u00a0Trabajadores que quitaban una trabe en la llamada zona cero de la\u00a0L\u00ednea 12,&#8230;<\/p>\n","protected":false},"author":1,"featured_media":3569,"comment_status":"closed","ping_status":"closed","sticky":false,"template":"","format":"standard","meta":{"footnotes":""},"categories":[12],"tags":[],"class_list":["post-3568","post","type-post","status-publish","format-standard","has-post-thumbnail","hentry","category-nacional"],"_links":{"self":[{"href":"https:\/\/xn--huracnpolmicocancnquintanaroo-knc6wmu.com\/index.php?rest_route=\/wp\/v2\/posts\/3568","targetHints":{"allow":["GET"]}}],"collection":[{"href":"https:\/\/xn--huracnpolmicocancnquintanaroo-knc6wmu.com\/index.php?rest_route=\/wp\/v2\/posts"}],"about":[{"href":"https:\/\/xn--huracnpolmicocancnquintanaroo-knc6wmu.com\/index.php?rest_route=\/wp\/v2\/types\/post"}],"author":[{"embeddable":true,"href":"https:\/\/xn--huracnpolmicocancnquintanaroo-knc6wmu.com\/index.php?rest_route=\/wp\/v2\/users\/1"}],"replies":[{"embeddable":true,"href":"https:\/\/xn--huracnpolmicocancnquintanaroo-knc6wmu.com\/index.php?rest_route=%2Fwp%2Fv2%2Fcomments&post=3568"}],"version-history":[{"count":1,"href":"https:\/\/xn--huracnpolmicocancnquintanaroo-knc6wmu.com\/index.php?rest_route=\/wp\/v2\/posts\/3568\/revisions"}],"predecessor-version":[{"id":3570,"href":"https:\/\/xn--huracnpolmicocancnquintanaroo-knc6wmu.com\/index.php?rest_route=\/wp\/v2\/posts\/3568\/revisions\/3570"}],"wp:featuredmedia":[{"embeddable":true,"href":"https:\/\/xn--huracnpolmicocancnquintanaroo-knc6wmu.com\/index.php?rest_route=\/wp\/v2\/media\/3569"}],"wp:attachment":[{"href":"https:\/\/xn--huracnpolmicocancnquintanaroo-knc6wmu.com\/index.php?rest_route=%2Fwp%2Fv2%2Fmedia&parent=3568"}],"wp:term":[{"taxonomy":"category","embeddable":true,"href":"https:\/\/xn--huracnpolmicocancnquintanaroo-knc6wmu.com\/index.php?rest_route=%2Fwp%2Fv2%2Fcategories&post=3568"},{"taxonomy":"post_tag","embeddable":true,"href":"https:\/\/xn--huracnpolmicocancnquintanaroo-knc6wmu.com\/index.php?rest_route=%2Fwp%2Fv2%2Ftags&post=3568"}],"curies":[{"name":"wp","href":"https:\/\/api.w.org\/{rel}","templated":true}]}}