{"id":3580,"date":"2021-05-31T11:15:19","date_gmt":"2021-05-31T11:15:19","guid":{"rendered":"https:\/\/xn--huracnpolmicocancnquintanaroo-knc6wmu.com\/?p=3580"},"modified":"2021-05-31T05:21:23","modified_gmt":"2021-05-31T05:21:23","slug":"choque-entre-combi-y-particular-en-cuajimalpa-deja-10-heridos","status":"publish","type":"post","link":"https:\/\/xn--huracnpolmicocancnquintanaroo-knc6wmu.com\/?p=3580","title":{"rendered":"Choque entre combi y particular en Cuajimalpa deja 10 heridos"},"content":{"rendered":"<p>La tarde de este s\u00e1bado se registr\u00f3 un fuerte accidente en la avenida Vasco de Quiroga, colonia La Rosita, alcald\u00eda Cuajimalpa de Morelos, en la Ciudad de M\u00e9xico, aparentemente provocado por el conductor de una camioneta particular.<\/p>\n<p>Polic\u00edas de la Secretar\u00eda de Seguridad Ciudadana (SSC) atendieron el accidente vehicular en el que 10 personas resultaron lesionadas, luego que una unidad de transporte p\u00fablico (combi) volcara.<\/p>\n<div class=\"twitter-tweet twitter-tweet-rendered\"><iframe id=\"twitter-widget-0\" class=\"\" title=\"Twitter Tweet\" src=\"https:\/\/platform.twitter.com\/embed\/Tweet.html?dnt=false&amp;embedId=twitter-widget-0&amp;features=eyJ0ZndfZXhwZXJpbWVudHNfY29va2llX2V4cGlyYXRpb24iOnsiYnVja2V0IjoxMjA5NjAwLCJ2ZXJzaW9uIjpudWxsfSwidGZ3X2hvcml6b25fdHdlZXRfZW1iZWRfOTU1NSI6eyJidWNrZXQiOiJodGUiLCJ2ZXJzaW9uIjpudWxsfSwidGZ3X3R3ZWV0X2VtYmVkX2NsaWNrYWJpbGl0eV8xMjEwMiI6eyJidWNrZXQiOiJjb250cm9sIiwidmVyc2lvbiI6bnVsbH19&amp;frame=false&amp;hideCard=false&amp;hideThread=false&amp;id=1398823804936261637&amp;lang=es&amp;origin=https%3A%2F%2Fwww.24horasqroo.mx%2Fnacional%2Fchoque-entre-combi-y-particular-en-cuajimalpa-deja-10-heridos%2F&amp;sessionId=716e01975eb99c8aebe542ef7f4233fad3fe0db9&amp;theme=light&amp;widgetsVersion=82e1070%3A1619632193066&amp;width=550px\" frameborder=\"0\" scrolling=\"no\" allowfullscreen=\"allowfullscreen\" data-tweet-id=\"1398823804936261637\" data-mce-fragment=\"1\"><\/iframe><\/div>\n<p>De acuerdo con los primeros reportes el conductor de una camioneta particular, color negro, impact\u00f3 por la parte trasera a una unidad de transporte de pasajeros, lo que provoc\u00f3 que perdiera el control y quedar\u00e1 recostada sobre uno de sus lados.<\/p>\n<p>Por lo anterior, 10 pasajeros resultaron lesionados, siete de ellos con el diagn\u00f3stico de policontundidos; mientras que una mujer de 40 a\u00f1os de edad fue diagnosticada con traumatismo craneoencef\u00e1lico en parte frontal.<\/p>\n<h2>Choque entre combi y particular en Cuajimalpa deja 10 heridos<\/h2>\n<div class=\"twitter-tweet twitter-tweet-rendered\"><iframe id=\"twitter-widget-1\" class=\"\" title=\"Twitter Tweet\" src=\"https:\/\/platform.twitter.com\/embed\/Tweet.html?dnt=false&amp;embedId=twitter-widget-1&amp;features=eyJ0ZndfZXhwZXJpbWVudHNfY29va2llX2V4cGlyYXRpb24iOnsiYnVja2V0IjoxMjA5NjAwLCJ2ZXJzaW9uIjpudWxsfSwidGZ3X2hvcml6b25fdHdlZXRfZW1iZWRfOTU1NSI6eyJidWNrZXQiOiJodGUiLCJ2ZXJzaW9uIjpudWxsfSwidGZ3X3R3ZWV0X2VtYmVkX2NsaWNrYWJpbGl0eV8xMjEwMiI6eyJidWNrZXQiOiJjb250cm9sIiwidmVyc2lvbiI6bnVsbH19&amp;frame=false&amp;hideCard=false&amp;hideThread=false&amp;id=1398806197545877511&amp;lang=es&amp;origin=https%3A%2F%2Fwww.24horasqroo.mx%2Fnacional%2Fchoque-entre-combi-y-particular-en-cuajimalpa-deja-10-heridos%2F&amp;sessionId=716e01975eb99c8aebe542ef7f4233fad3fe0db9&amp;theme=light&amp;widgetsVersion=82e1070%3A1619632193066&amp;width=550px\" frameborder=\"0\" scrolling=\"no\" allowfullscreen=\"allowfullscreen\" data-tweet-id=\"1398806197545877511\" data-mce-fragment=\"1\"><\/iframe><\/div>\n<p>Entre los heridos se encuentran otra mujer de 31 a\u00f1os con el diagn\u00f3stico de traumatismo craneoencef\u00e1lico leve y una de 45 a\u00f1os de edad, que present\u00f3 fractura de tibia y peron\u00e9.<\/p>\n<p>Todos los heridos fueron trasladados a distintos hospitales para su atenci\u00f3n m\u00e9dica especializada.<\/p>\n<div class=\"twitter-tweet twitter-tweet-rendered\"><iframe id=\"twitter-widget-2\" class=\"\" title=\"Twitter Tweet\" src=\"https:\/\/platform.twitter.com\/embed\/Tweet.html?dnt=false&amp;embedId=twitter-widget-2&amp;features=eyJ0ZndfZXhwZXJpbWVudHNfY29va2llX2V4cGlyYXRpb24iOnsiYnVja2V0IjoxMjA5NjAwLCJ2ZXJzaW9uIjpudWxsfSwidGZ3X2hvcml6b25fdHdlZXRfZW1iZWRfOTU1NSI6eyJidWNrZXQiOiJodGUiLCJ2ZXJzaW9uIjpudWxsfSwidGZ3X3R3ZWV0X2VtYmVkX2NsaWNrYWJpbGl0eV8xMjEwMiI6eyJidWNrZXQiOiJjb250cm9sIiwidmVyc2lvbiI6bnVsbH19&amp;frame=false&amp;hideCard=false&amp;hideThread=false&amp;id=1398803116238290952&amp;lang=es&amp;origin=https%3A%2F%2Fwww.24horasqroo.mx%2Fnacional%2Fchoque-entre-combi-y-particular-en-cuajimalpa-deja-10-heridos%2F&amp;sessionId=716e01975eb99c8aebe542ef7f4233fad3fe0db9&amp;theme=light&amp;widgetsVersion=82e1070%3A1619632193066&amp;width=550px\" frameborder=\"0\" scrolling=\"no\" allowfullscreen=\"allowfullscreen\" data-tweet-id=\"1398803116238290952\" data-mce-fragment=\"1\"><\/iframe><\/div>\n<p>El conductor de la camioneta color negro, de 21 a\u00f1os de edad, fue detenido y puesto a disposici\u00f3n del agente del Ministerio P\u00fablico, quien definir\u00e1 su situaci\u00f3n legal.<\/p>\n<p>Adem\u00e1s, el chofer de la camioneta de transporte de pasajeros tambi\u00e9n fue presentado ante las autoridades ministeriales para deslindar responsabilidades.<\/p>\n","protected":false},"excerpt":{"rendered":"<p>La tarde de este s\u00e1bado se registr\u00f3 un fuerte accidente en la avenida Vasco de&#8230;<\/p>\n","protected":false},"author":1,"featured_media":3581,"comment_status":"closed","ping_status":"closed","sticky":false,"template":"","format":"standard","meta":{"footnotes":""},"categories":[12],"tags":[],"class_list":["post-3580","post","type-post","status-publish","format-standard","has-post-thumbnail","hentry","category-nacional"],"_links":{"self":[{"href":"https:\/\/xn--huracnpolmicocancnquintanaroo-knc6wmu.com\/index.php?rest_route=\/wp\/v2\/posts\/3580","targetHints":{"allow":["GET"]}}],"collection":[{"href":"https:\/\/xn--huracnpolmicocancnquintanaroo-knc6wmu.com\/index.php?rest_route=\/wp\/v2\/posts"}],"about":[{"href":"https:\/\/xn--huracnpolmicocancnquintanaroo-knc6wmu.com\/index.php?rest_route=\/wp\/v2\/types\/post"}],"author":[{"embeddable":true,"href":"https:\/\/xn--huracnpolmicocancnquintanaroo-knc6wmu.com\/index.php?rest_route=\/wp\/v2\/users\/1"}],"replies":[{"embeddable":true,"href":"https:\/\/xn--huracnpolmicocancnquintanaroo-knc6wmu.com\/index.php?rest_route=%2Fwp%2Fv2%2Fcomments&post=3580"}],"version-history":[{"count":1,"href":"https:\/\/xn--huracnpolmicocancnquintanaroo-knc6wmu.com\/index.php?rest_route=\/wp\/v2\/posts\/3580\/revisions"}],"predecessor-version":[{"id":3582,"href":"https:\/\/xn--huracnpolmicocancnquintanaroo-knc6wmu.com\/index.php?rest_route=\/wp\/v2\/posts\/3580\/revisions\/3582"}],"wp:featuredmedia":[{"embeddable":true,"href":"https:\/\/xn--huracnpolmicocancnquintanaroo-knc6wmu.com\/index.php?rest_route=\/wp\/v2\/media\/3581"}],"wp:attachment":[{"href":"https:\/\/xn--huracnpolmicocancnquintanaroo-knc6wmu.com\/index.php?rest_route=%2Fwp%2Fv2%2Fmedia&parent=3580"}],"wp:term":[{"taxonomy":"category","embeddable":true,"href":"https:\/\/xn--huracnpolmicocancnquintanaroo-knc6wmu.com\/index.php?rest_route=%2Fwp%2Fv2%2Fcategories&post=3580"},{"taxonomy":"post_tag","embeddable":true,"href":"https:\/\/xn--huracnpolmicocancnquintanaroo-knc6wmu.com\/index.php?rest_route=%2Fwp%2Fv2%2Ftags&post=3580"}],"curies":[{"name":"wp","href":"https:\/\/api.w.org\/{rel}","templated":true}]}}