{"id":3603,"date":"2021-06-02T11:17:34","date_gmt":"2021-06-02T11:17:34","guid":{"rendered":"https:\/\/xn--huracnpolmicocancnquintanaroo-knc6wmu.com\/?p=3603"},"modified":"2021-06-02T06:21:46","modified_gmt":"2021-06-02T06:21:46","slug":"destacan-creciente-relacion-entre-mexico-y-corea-del-sur","status":"publish","type":"post","link":"https:\/\/xn--huracnpolmicocancnquintanaroo-knc6wmu.com\/?p=3603","title":{"rendered":"Destacan creciente relaci\u00f3n entre M\u00e9xico y Corea del Sur"},"content":{"rendered":"<p>Para promover los festejos del\u00a0<strong>60 Aniversario<\/strong>\u00a0del establecimiento de \u00a0relaciones entre\u00a0<strong>M\u00e9xico\u00a0<\/strong>y la\u00a0<strong>Rep\u00fablica de Corea<\/strong>, el embajador\u00a0<strong>Jeong-in Suh<\/strong>, visit\u00f3\u00a0<strong>El Heraldo de M\u00e9xico<\/strong>\u00a0y anunci\u00f3 la celebraci\u00f3n de un gran foro econ\u00f3mico en octubre-noviembre.<\/p>\n<p>En conversaciones con el ingeniero Angel Mieres, presidente del Consejo, y Franco Carre\u00f1o Osorio, director general, de\u00a0<strong>El Heraldo Media Group<\/strong>, el diplom\u00e1tico destac\u00f3 la creciente relaci\u00f3n entre los dos pa\u00edses, pero hizo hincapi\u00e9 en que podr\u00eda ser mucho mayor.<\/p>\n<p>En 2020, el comercio bilateral lleg\u00f3 a 20 mil millones de d\u00f3lares, de los que 14 mil 700 millones fueron exportaciones sudcoreanas a M\u00e9xico y 5 mil 300 millones en productos mexicanos enviados a ese pa\u00eds.<\/p>\n<p>El embajador Jeong-in Suh se\u00f1al\u00f3 la importancia de las negociaciones para un tratado de libre comercio bilateral y asegur\u00f3 que podr\u00eda haber una mayor presencia mexicana en el mercado de su pa\u00eds. La reducci\u00f3n de aranceles beneficiar\u00eda a los productos mexicanos enviados al mercado coreano, agreg\u00f3.<\/p>\n","protected":false},"excerpt":{"rendered":"<p>Para promover los festejos del\u00a060 Aniversario\u00a0del establecimiento de \u00a0relaciones entre\u00a0M\u00e9xico\u00a0y la\u00a0Rep\u00fablica de Corea, el embajador\u00a0Jeong-in&#8230;<\/p>\n","protected":false},"author":1,"featured_media":3604,"comment_status":"closed","ping_status":"closed","sticky":false,"template":"","format":"standard","meta":{"footnotes":""},"categories":[11],"tags":[],"class_list":["post-3603","post","type-post","status-publish","format-standard","has-post-thumbnail","hentry","category-internacional"],"_links":{"self":[{"href":"https:\/\/xn--huracnpolmicocancnquintanaroo-knc6wmu.com\/index.php?rest_route=\/wp\/v2\/posts\/3603","targetHints":{"allow":["GET"]}}],"collection":[{"href":"https:\/\/xn--huracnpolmicocancnquintanaroo-knc6wmu.com\/index.php?rest_route=\/wp\/v2\/posts"}],"about":[{"href":"https:\/\/xn--huracnpolmicocancnquintanaroo-knc6wmu.com\/index.php?rest_route=\/wp\/v2\/types\/post"}],"author":[{"embeddable":true,"href":"https:\/\/xn--huracnpolmicocancnquintanaroo-knc6wmu.com\/index.php?rest_route=\/wp\/v2\/users\/1"}],"replies":[{"embeddable":true,"href":"https:\/\/xn--huracnpolmicocancnquintanaroo-knc6wmu.com\/index.php?rest_route=%2Fwp%2Fv2%2Fcomments&post=3603"}],"version-history":[{"count":1,"href":"https:\/\/xn--huracnpolmicocancnquintanaroo-knc6wmu.com\/index.php?rest_route=\/wp\/v2\/posts\/3603\/revisions"}],"predecessor-version":[{"id":3605,"href":"https:\/\/xn--huracnpolmicocancnquintanaroo-knc6wmu.com\/index.php?rest_route=\/wp\/v2\/posts\/3603\/revisions\/3605"}],"wp:featuredmedia":[{"embeddable":true,"href":"https:\/\/xn--huracnpolmicocancnquintanaroo-knc6wmu.com\/index.php?rest_route=\/wp\/v2\/media\/3604"}],"wp:attachment":[{"href":"https:\/\/xn--huracnpolmicocancnquintanaroo-knc6wmu.com\/index.php?rest_route=%2Fwp%2Fv2%2Fmedia&parent=3603"}],"wp:term":[{"taxonomy":"category","embeddable":true,"href":"https:\/\/xn--huracnpolmicocancnquintanaroo-knc6wmu.com\/index.php?rest_route=%2Fwp%2Fv2%2Fcategories&post=3603"},{"taxonomy":"post_tag","embeddable":true,"href":"https:\/\/xn--huracnpolmicocancnquintanaroo-knc6wmu.com\/index.php?rest_route=%2Fwp%2Fv2%2Ftags&post=3603"}],"curies":[{"name":"wp","href":"https:\/\/api.w.org\/{rel}","templated":true}]}}