{"id":3638,"date":"2021-06-05T12:43:48","date_gmt":"2021-06-05T12:43:48","guid":{"rendered":"https:\/\/xn--huracnpolmicocancnquintanaroo-knc6wmu.com\/?p=3638"},"modified":"2021-06-05T11:47:32","modified_gmt":"2021-06-05T11:47:32","slug":"presentan-nuevas-imagenes-de-ultima-temporada-de-la-casa-de-papel","status":"publish","type":"post","link":"https:\/\/xn--huracnpolmicocancnquintanaroo-knc6wmu.com\/?p=3638","title":{"rendered":"Presentan nuevas im\u00e1genes de \u00faltima temporada de La casa de papel"},"content":{"rendered":"<article class=\"node-content\">\n<div id=\"id-body-node\" class=\"body-node st-swap-parent st-swap--active\">\n<p>Tras anunciar con un \u00e9pico teaser que la quinta y \u00faltima temporada de\u00a0<strong>La Casa de Papel<\/strong>\u00a0se dividir\u00e1 en dos partes y que la primera ver\u00e1 la luz el pr\u00f3ximo 3 de septiembre, Netflix ha lanzado ahora im\u00e1genes in\u00e9ditas de los nuevos cap\u00edtulos de la serie espa\u00f1ola de m\u00e1s \u00e9xito.<\/p>\n<p>Fotograf\u00edas que, tal y como adelanta el servicio de streaming, muestran el caos dentro y fuera del Banco de Espa\u00f1a: con el Profesor fuera de juego despu\u00e9s de que Sierra haya encontrado su escondite. Adem\u00e1s ya con Lisboa dentro del Banco, comienza la guerra y la Banda tendr\u00e1 que <strong>sacar su lado m\u00e1s duro para sobrevivir<\/strong>.<\/p>\n<p>Angustia, tensi\u00f3n y desesperaci\u00f3n entre Tokio, Denver, Palermo y compa\u00f1\u00eda que ven c\u00f3mo ahora, con el Profesor en manos de Sierra,\u00a0<strong>su plan se viene abajo<\/strong>\u00a0y se ven totalmente acorralados con la llegada del ejercito.<\/p>\n<p><iframe id=\"instagram-embed-0\" class=\"instagram-media instagram-media-rendered\" src=\"https:\/\/www.instagram.com\/p\/CPqR3vstOPi\/embed\/captioned\/?cr=1&amp;v=13&amp;wp=770&amp;rd=https%3A%2F%2Fwww.excelsior.com.mx&amp;rp=%2Ffuncion%2Fpresentan-nuevas-imagenes-de-ultima-temporada-de-la-casa-de-papel%2F1452601#%7B%22ci%22%3A0%2C%22os%22%3A1475.5600000498816%2C%22ls%22%3A242.27499996777624%2C%22le%22%3A256.9500000681728%7D\" height=\"661\" frameborder=\"0\" scrolling=\"no\" allowfullscreen=\"allowfullscreen\" data-instgrm-payload-id=\"instagram-media-payload-0\" data-mce-fragment=\"1\"><\/iframe>La sinopsis oficial de la \u00faltima temporada de La Casa de Papel es la siguiente: &#8220;La Banda lleva encerrada m\u00e1s de 100 horas en el Banco de Espa\u00f1a, han conseguido rescatar a Lisboa pero viven uno de sus peores momentos tras haber perdido a uno de los suyos. El Profesor ha sido capturado por Sierra y,\u00a0<strong>por primera vez, no cuenta con un plan para escapar.<\/strong><\/p>\n<p>Cuando parece que nada puede ir a peor, llegar\u00e1 un nuevo enemigo mucho m\u00e1s poderoso que cualquiera de los anteriores: el ej\u00e9rcito. Se acerca el final del mayor atraco de la historia y lo que empez\u00f3 siendo un robo\u00a0<strong>ahora se transformar\u00e1 en una guerra<\/strong>&#8220;.<\/p>\n<p>Con los fichajes de Miguel \u00c1ngel Silvestre y Patrick Criado, la primera parte de la quinta y \u00faltima temporada de La Casa de Papel\u00a0<strong>se estrenar\u00e1 en Netflix el 3 de septiembre\u00a0<\/strong>y no ser\u00e1 hasta tres meses m\u00e1s tarde, el 3 de diciembre, cuando lleguen los \u00faltimos cinco cap\u00edtulos que pondr\u00e1n fin a la serie creada por Alex Pina.<\/p>\n<div class=\"st-ad-slot st-swap-ad-slot st-invideo-youtube-player\"><\/div>\n<p><iframe loading=\"lazy\" id=\"9EThJa4-1t4-youtube\" class=\"youtube-container st-swap-player\" title=\"YouTube video player\" src=\"https:\/\/www.youtube.com\/embed\/9EThJa4-1t4?autoplay=0&amp;controls=2&amp;rel=0&amp;embed_config=%7B%22adsConfig%22%3A%7B%22adTagParameters%22%3A%7B%22iu%22%3A%22%2F35139216%2FYouTube_Intrasitio%2FExcelsior_TV%22%2C%22cust_params%22%3A%22intereses%3DNoticias%2CRedes%20Sociales%2CDeportes%2CPresidencia%2CDinero%2CTecnolog%C3%ADa%2CPortada%2CTrending%2COpini%C3%B3n%26channel%3Dfuncion%22%2C%22ppid%22%3A%22not_define%22%7D%7D%7D&amp;enablejsapi=1&amp;origin=https%3A%2F%2Fwww.excelsior.com.mx&amp;widgetid=1\" width=\"560\" height=\"315\" frameborder=\"0\" allowfullscreen=\"allowfullscreen\" data-width=\"560\" data-height=\"315\" data-youtubeid=\"9EThJa4-1t4\" data-mce-fragment=\"1\"><\/iframe>&nbsp;<\/p>\n<\/div>\n<\/article>\n","protected":false},"excerpt":{"rendered":"<p>Tras anunciar con un \u00e9pico teaser que la quinta y \u00faltima temporada de\u00a0La Casa de&#8230;<\/p>\n","protected":false},"author":1,"featured_media":3639,"comment_status":"closed","ping_status":"closed","sticky":false,"template":"","format":"standard","meta":{"footnotes":""},"categories":[9],"tags":[],"class_list":["post-3638","post","type-post","status-publish","format-standard","has-post-thumbnail","hentry","category-espectaculos"],"_links":{"self":[{"href":"https:\/\/xn--huracnpolmicocancnquintanaroo-knc6wmu.com\/index.php?rest_route=\/wp\/v2\/posts\/3638","targetHints":{"allow":["GET"]}}],"collection":[{"href":"https:\/\/xn--huracnpolmicocancnquintanaroo-knc6wmu.com\/index.php?rest_route=\/wp\/v2\/posts"}],"about":[{"href":"https:\/\/xn--huracnpolmicocancnquintanaroo-knc6wmu.com\/index.php?rest_route=\/wp\/v2\/types\/post"}],"author":[{"embeddable":true,"href":"https:\/\/xn--huracnpolmicocancnquintanaroo-knc6wmu.com\/index.php?rest_route=\/wp\/v2\/users\/1"}],"replies":[{"embeddable":true,"href":"https:\/\/xn--huracnpolmicocancnquintanaroo-knc6wmu.com\/index.php?rest_route=%2Fwp%2Fv2%2Fcomments&post=3638"}],"version-history":[{"count":1,"href":"https:\/\/xn--huracnpolmicocancnquintanaroo-knc6wmu.com\/index.php?rest_route=\/wp\/v2\/posts\/3638\/revisions"}],"predecessor-version":[{"id":3640,"href":"https:\/\/xn--huracnpolmicocancnquintanaroo-knc6wmu.com\/index.php?rest_route=\/wp\/v2\/posts\/3638\/revisions\/3640"}],"wp:featuredmedia":[{"embeddable":true,"href":"https:\/\/xn--huracnpolmicocancnquintanaroo-knc6wmu.com\/index.php?rest_route=\/wp\/v2\/media\/3639"}],"wp:attachment":[{"href":"https:\/\/xn--huracnpolmicocancnquintanaroo-knc6wmu.com\/index.php?rest_route=%2Fwp%2Fv2%2Fmedia&parent=3638"}],"wp:term":[{"taxonomy":"category","embeddable":true,"href":"https:\/\/xn--huracnpolmicocancnquintanaroo-knc6wmu.com\/index.php?rest_route=%2Fwp%2Fv2%2Fcategories&post=3638"},{"taxonomy":"post_tag","embeddable":true,"href":"https:\/\/xn--huracnpolmicocancnquintanaroo-knc6wmu.com\/index.php?rest_route=%2Fwp%2Fv2%2Ftags&post=3638"}],"curies":[{"name":"wp","href":"https:\/\/api.w.org\/{rel}","templated":true}]}}