{"id":3656,"date":"2021-06-08T11:16:22","date_gmt":"2021-06-08T11:16:22","guid":{"rendered":"https:\/\/xn--huracnpolmicocancnquintanaroo-knc6wmu.com\/?p=3656"},"modified":"2021-06-08T07:26:25","modified_gmt":"2021-06-08T07:26:25","slug":"mas-de-1-6-millones-de-alumnos-regresaron-a-clases-presenciales-en-mexico-sep","status":"publish","type":"post","link":"https:\/\/xn--huracnpolmicocancnquintanaroo-knc6wmu.com\/?p=3656","title":{"rendered":"M\u00e1s de 1.6 millones de alumnos regresaron a clases presenciales en M\u00e9xico: SEP"},"content":{"rendered":"<section id=\"mvp-content-main\" class=\"post-144911 post type-post status-publish format-standard has-post-thumbnail hentry category-nacional tag-regreso-a-clases\">\n<div id=\"tps_slideContainer_144911\" class=\"theiaPostSlider_slides\">\n<div class=\"theiaPostSlider_preloadedSlide\">\n<p>Este 7 de junio, regresaron a clases presenciales alrededor de un mill\u00f3n 631 mil 235 alumnas y alumnos en 24 mil 406 escuelas de nivel b\u00e1sico hasta superior, de acuerdo a los datos proporcionados por las entidades del pa\u00eds y de la Ciudad de M\u00e9xico.<\/p>\n<p>As\u00ed lo inform\u00f3 la Secretar\u00eda de Educaci\u00f3n P\u00fablica (SEP), a trav\u00e9s un comunicado, en donde detall\u00f3 que de las escuelas que abrieron para las clases presenciales, 21 mil 187 corresponden a Educaci\u00f3n B\u00e1sica; dos mil 609 a Media Superior y 610 a Educaci\u00f3n Superior.<\/p>\n<div id=\"vi-stories-top-div-1\" class=\"vi-stories-top-div viUnit2\">\n<div id=\"vi-stories-main-container\" class=\"vi-stories-main-container vi-stories-z-index-base vi-stories-width-700-800 vi-stories-overlay-ui vi-stories-overlay-ui-enable vi-stories-overlay-ui-show\">\n<div id=\"vi-stories-player-container\" class=\"vi-stories-player-container vi-stories-z-index-base HTMLPlayer-module__container\">\n<div id=\"vi-stories-ad-container\" class=\"AdEngine-module__container\">\n<p>Los estados donde reiniciaron clases presenciales hoy son Aguascalientes, Baja California, Chiapas, Ciudad de M\u00e9xico, Coahuila, Durango, Guanajuato, Jalisco, Estado de M\u00e9xico, Morelos, Nuevo Le\u00f3n, San Luis Potos\u00ed, Sinaloa, Tamaulipas y Veracruz. En Campeche, donde ya se hab\u00edan abierto, se encuentran cerradas por estar en sem\u00e1foro epidemiol\u00f3gico amarillo.<\/p>\n<p>En estas entidades, regresan a clases presenciales bajo la modalidad mixta y\/o de manera escalonada. Se estima que el n\u00famero de trabajadores de la educaci\u00f3n que volvieron hoy a las aulas es de 259 mil 722.<\/p>\n<p>En los estados de Coahuila, Colima, Nayarit y Zacatecas se tienen abiertos los Centros Comunitarios de Aprendizaje (CCA), donde se otorgan asesor\u00edas pedag\u00f3gicas y socioemocionales a alumnos y padres de familia; se prev\u00e9 que asistan 16 mil 856 alumnas y alumnos en 967 escuelas, quienes ser\u00e1n atendidos por tres mil 559 trabajadores de la educaci\u00f3n a partir de este lunes.<\/p>\n<p>Los estados de Baja California Sur, Guerrero, Hidalgo, Michoac\u00e1n, Oaxaca, Puebla, Quer\u00e9taro, Quintana Roo, Sonora, Tabasco, Tlaxcala y Yucat\u00e1n, anunciaron que regresar\u00e1n a clases presenciales hasta el pr\u00f3ximo ciclo escolar 2021-2022.<\/p>\n<h3>Regreso a clases presenciales en la Ciudad de M\u00e9xico<\/h3>\n<p>Por su parte, la Autoridad Educativa Federal en la Ciudad de M\u00e9xico (AEFCM) detall\u00f3 que, en el retorno presencial a las escuelas en la capital del pa\u00eds, se registr\u00f3 la apertura de mil 103 planteles de Educaci\u00f3n Preescolar, Primaria, Secundaria y Especial; tanto p\u00fablicas como privadas.<\/p>\n<p>Puntualiz\u00f3 que en todos los casos la decisi\u00f3n se tom\u00f3 de manera colectiva y voluntaria, con las madres, padres y tutores a trav\u00e9s de los Consejos T\u00e9cnicos Escolares, reportando que este regreso a clases presenciales se dio en plena armon\u00eda y sin incidencias, con un aforo de 80 mil estudiantes y 10 mil personas entre docentes, administrativos y de apoyo.<\/p>\n<\/div>\n<\/div>\n<\/div>\n<\/div>\n<\/div>\n<\/div>\n<div class=\"theiaPostSlider_footer _footer\"><\/div>\n<p>&nbsp;<\/p>\n<div id=\"horas-cc83b4e8aaf0f666e3e58a8d4572f1f1\" class=\"horas-cc83b4e8aaf0f666e3e58a8d4572f1f1 horas-adsense-coincidente\"><\/div>\n<div style=\"box-sizing: inherit; margin: 0px; padding: 0px; border: 0px; font-size: 18.4px; vertical-align: baseline;\" data-theiapostslider-slideroptions=\"{&quot;slideContainer&quot;:&quot;#tps_slideContainer_144911&quot;,&quot;nav&quot;:[&quot;.theiaPostSlider_nav&quot;],&quot;navText&quot;:&quot;%{currentSlide} of %{totalSlides}&quot;,&quot;helperText&quot;:&quot;Use your &amp;leftarrow; &amp;rightarrow; (arrow) keys to browse&quot;,&quot;defaultSlide&quot;:0,&quot;transitionEffect&quot;:&quot;slide&quot;,&quot;transitionSpeed&quot;:400,&quot;keyboardShortcuts&quot;:true,&quot;scrollAfterRefresh&quot;:true,&quot;numberOfSlides&quot;:1,&quot;slides&quot;:[],&quot;useSlideSources&quot;:null,&quot;themeType&quot;:&quot;font&quot;,&quot;prevText&quot;:&quot;Prev&quot;,&quot;nextText&quot;:&quot;Next&quot;,&quot;buttonWidth&quot;:0,&quot;buttonWidth_post&quot;:0,&quot;postUrl&quot;:&quot;https:\\\/\\\/www.24horasqroo.mx\\\/nacional\\\/mas-de-1-6-millones-de-alumnos-regresaron-a-clases-presenciales-en-mexico-sep\\\/&quot;,&quot;postId&quot;:144911,&quot;refreshAds&quot;:false,&quot;refreshAdsEveryNSlides&quot;:1,&quot;adRefreshingMechanism&quot;:&quot;javascript&quot;,&quot;ajaxUrl&quot;:&quot;https:\\\/\\\/www.24horasqroo.mx\\\/wp-admin\\\/admin-ajax.php&quot;,&quot;loopSlides&quot;:false,&quot;scrollTopOffset&quot;:0,&quot;hideNavigationOnFirstSlide&quot;:false,&quot;isRtl&quot;:false,&quot;excludedWords&quot;:[&quot;&quot;],&quot;prevFontIcon&quot;:&quot;&lt;span aria-hidden=\\&quot;true\\&quot; class=\\&quot;tps-icon-chevron-circle-left\\&quot;&gt;&lt;\\\/span&gt;&quot;,&quot;nextFontIcon&quot;:&quot;&lt;span aria-hidden=\\&quot;true\\&quot; class=\\&quot;tps-icon-chevron-circle-right\\&quot;&gt;&lt;\\\/span&gt;&quot;}\" data-theiapostslider-onchangeslide=\"&quot;&quot;\" data-theiapostslider-loaded=\"true\"><\/div>\n<\/section>\n<div id=\"mvp-ad-rel-wrap\">\n<div id=\"mvp-ad-rel-bot\" class=\"left relative\">\n<div class=\"mvp-ad-rel-out right relative\">\n<div class=\"mvp-ad-rel-in\">\n<div id=\"mvp-post-bot-rel\" class=\"left relative\"><\/div>\n<\/div>\n<\/div>\n<\/div>\n<\/div>\n","protected":false},"excerpt":{"rendered":"<p>Este 7 de junio, regresaron a clases presenciales alrededor de un mill\u00f3n 631 mil 235&#8230;<\/p>\n","protected":false},"author":1,"featured_media":0,"comment_status":"closed","ping_status":"closed","sticky":false,"template":"","format":"standard","meta":{"footnotes":""},"categories":[1],"tags":[],"class_list":["post-3656","post","type-post","status-publish","format-standard","hentry","category-uncategorized"],"_links":{"self":[{"href":"https:\/\/xn--huracnpolmicocancnquintanaroo-knc6wmu.com\/index.php?rest_route=\/wp\/v2\/posts\/3656","targetHints":{"allow":["GET"]}}],"collection":[{"href":"https:\/\/xn--huracnpolmicocancnquintanaroo-knc6wmu.com\/index.php?rest_route=\/wp\/v2\/posts"}],"about":[{"href":"https:\/\/xn--huracnpolmicocancnquintanaroo-knc6wmu.com\/index.php?rest_route=\/wp\/v2\/types\/post"}],"author":[{"embeddable":true,"href":"https:\/\/xn--huracnpolmicocancnquintanaroo-knc6wmu.com\/index.php?rest_route=\/wp\/v2\/users\/1"}],"replies":[{"embeddable":true,"href":"https:\/\/xn--huracnpolmicocancnquintanaroo-knc6wmu.com\/index.php?rest_route=%2Fwp%2Fv2%2Fcomments&post=3656"}],"version-history":[{"count":2,"href":"https:\/\/xn--huracnpolmicocancnquintanaroo-knc6wmu.com\/index.php?rest_route=\/wp\/v2\/posts\/3656\/revisions"}],"predecessor-version":[{"id":3658,"href":"https:\/\/xn--huracnpolmicocancnquintanaroo-knc6wmu.com\/index.php?rest_route=\/wp\/v2\/posts\/3656\/revisions\/3658"}],"wp:attachment":[{"href":"https:\/\/xn--huracnpolmicocancnquintanaroo-knc6wmu.com\/index.php?rest_route=%2Fwp%2Fv2%2Fmedia&parent=3656"}],"wp:term":[{"taxonomy":"category","embeddable":true,"href":"https:\/\/xn--huracnpolmicocancnquintanaroo-knc6wmu.com\/index.php?rest_route=%2Fwp%2Fv2%2Fcategories&post=3656"},{"taxonomy":"post_tag","embeddable":true,"href":"https:\/\/xn--huracnpolmicocancnquintanaroo-knc6wmu.com\/index.php?rest_route=%2Fwp%2Fv2%2Ftags&post=3656"}],"curies":[{"name":"wp","href":"https:\/\/api.w.org\/{rel}","templated":true}]}}