{"id":3663,"date":"2021-06-10T11:00:24","date_gmt":"2021-06-10T11:00:24","guid":{"rendered":"https:\/\/xn--huracnpolmicocancnquintanaroo-knc6wmu.com\/?p=3663"},"modified":"2021-06-10T07:02:26","modified_gmt":"2021-06-10T07:02:26","slug":"mexico-y-ee-uu-firmaran-memorandum-de-entendimiento-por-migracion-ebrard","status":"publish","type":"post","link":"https:\/\/xn--huracnpolmicocancnquintanaroo-knc6wmu.com\/?p=3663","title":{"rendered":"M\u00e9xico y EE.UU. firmar\u00e1n memor\u00e1ndum de entendimiento por migraci\u00f3n: Ebrard"},"content":{"rendered":"<p>Los Gobiernos de\u00a0<strong>M\u00e9xico y Estados Unidos<\/strong>\u00a0firmar\u00e1n un\u00a0<strong>memor\u00e1ndum de entendimiento<\/strong>\u00a0para atender la\u00a0<strong>migraci\u00f3n<\/strong>, inform\u00f3 el canciller Marcelo Ebrard.<\/p>\n<p>En la conferencia de matutina de este lunes en Palacio Nacional, Ebrard Casaub\u00f3n dio detalles sobre la visita de la vicepresidenta de Estados Unidos,\u00a0<strong>Kamala Harris<\/strong>, quien sostendr\u00e1 una reuni\u00f3n con el presidente\u00a0<strong>Andr\u00e9s Manuel L\u00f3pez Obrador<\/strong>.<\/p>\n<blockquote><p><strong>Vamos a firmar un memor\u00e1ndum de entendimiento entre ambos gobiernos para cooperaci\u00f3n internacional, de manera que podamos promover, fomentar, las opciones en los tres pa\u00edses de Centroam\u00e9rica que m\u00e1s nos interesan an materia migratoria, Honduras, Guatemala y El Salvador, que podamos intercambiar experiencia\u201d, dijo.<\/strong><\/p><\/blockquote>\n<p>En dicho memor\u00e1ndum, se buscar\u00e1 ofrecer alternativas, opciones, intercambio de informaci\u00f3n y experiencias para atender el fen\u00f3meno migratorio.<\/p>\n<p>\u201cEs un memor\u00e1ndum de entendimiento, no implica una transferencia de recursos, es un intercambio de informaci\u00f3n porque ya tenemos resultados que demuestran que lo que se dice tiene un impacto directo en reducir la migraci\u00f3n por pobreza\u201d, explic\u00f3 el canciller mexicano.<\/p>\n<p>El presidente L\u00f3pez Obrador dej\u00f3 en claro que el principal tema de la reuni\u00f3n con Harris es el el fen\u00f3meno migratorio procedente del sur de M\u00e9xico y\u00a0<strong>Centroam\u00e9rica<\/strong>, en donde se espera se lleguen a acuerdos en este sentido con el gobierno estadounidense.<\/p>\n<blockquote><p><strong>El tema central es el migratorio, ya lo hemos estado hablando para que de manera conjunta, mediante la cooperaci\u00f3n para el desarrollo y el bienestar logremos tener una respuesta al fen\u00f3meno migratorio, que es un asunto fundamentalmente social\u201d, se\u00f1al\u00f3.<\/strong><\/p><\/blockquote>\n<p>La funcionaria, a quien el presidente estadounidense,\u00a0<strong>Joe Biden<\/strong>, ha encargado la gesti\u00f3n de la crisis migratoria en la regi\u00f3n, se entrevistar\u00e1 por primera vez en persona con L\u00f3pez Obrador, con quien ya ha dialogado en dos ocasiones por tel\u00e9fono.<\/p>\n<p>La visita de Kamala Harris a M\u00e9xico solamente tendr\u00e1 una duraci\u00f3n de menos de 24 horas.<\/p>\n","protected":false},"excerpt":{"rendered":"<p>Los Gobiernos de\u00a0M\u00e9xico y Estados Unidos\u00a0firmar\u00e1n un\u00a0memor\u00e1ndum de entendimiento\u00a0para atender la\u00a0migraci\u00f3n, inform\u00f3 el canciller Marcelo&#8230;<\/p>\n","protected":false},"author":1,"featured_media":3664,"comment_status":"closed","ping_status":"closed","sticky":false,"template":"","format":"standard","meta":{"footnotes":""},"categories":[12],"tags":[],"class_list":["post-3663","post","type-post","status-publish","format-standard","has-post-thumbnail","hentry","category-nacional"],"_links":{"self":[{"href":"https:\/\/xn--huracnpolmicocancnquintanaroo-knc6wmu.com\/index.php?rest_route=\/wp\/v2\/posts\/3663","targetHints":{"allow":["GET"]}}],"collection":[{"href":"https:\/\/xn--huracnpolmicocancnquintanaroo-knc6wmu.com\/index.php?rest_route=\/wp\/v2\/posts"}],"about":[{"href":"https:\/\/xn--huracnpolmicocancnquintanaroo-knc6wmu.com\/index.php?rest_route=\/wp\/v2\/types\/post"}],"author":[{"embeddable":true,"href":"https:\/\/xn--huracnpolmicocancnquintanaroo-knc6wmu.com\/index.php?rest_route=\/wp\/v2\/users\/1"}],"replies":[{"embeddable":true,"href":"https:\/\/xn--huracnpolmicocancnquintanaroo-knc6wmu.com\/index.php?rest_route=%2Fwp%2Fv2%2Fcomments&post=3663"}],"version-history":[{"count":1,"href":"https:\/\/xn--huracnpolmicocancnquintanaroo-knc6wmu.com\/index.php?rest_route=\/wp\/v2\/posts\/3663\/revisions"}],"predecessor-version":[{"id":3665,"href":"https:\/\/xn--huracnpolmicocancnquintanaroo-knc6wmu.com\/index.php?rest_route=\/wp\/v2\/posts\/3663\/revisions\/3665"}],"wp:featuredmedia":[{"embeddable":true,"href":"https:\/\/xn--huracnpolmicocancnquintanaroo-knc6wmu.com\/index.php?rest_route=\/wp\/v2\/media\/3664"}],"wp:attachment":[{"href":"https:\/\/xn--huracnpolmicocancnquintanaroo-knc6wmu.com\/index.php?rest_route=%2Fwp%2Fv2%2Fmedia&parent=3663"}],"wp:term":[{"taxonomy":"category","embeddable":true,"href":"https:\/\/xn--huracnpolmicocancnquintanaroo-knc6wmu.com\/index.php?rest_route=%2Fwp%2Fv2%2Fcategories&post=3663"},{"taxonomy":"post_tag","embeddable":true,"href":"https:\/\/xn--huracnpolmicocancnquintanaroo-knc6wmu.com\/index.php?rest_route=%2Fwp%2Fv2%2Ftags&post=3663"}],"curies":[{"name":"wp","href":"https:\/\/api.w.org\/{rel}","templated":true}]}}