{"id":3669,"date":"2021-06-11T11:04:36","date_gmt":"2021-06-11T11:04:36","guid":{"rendered":"https:\/\/xn--huracnpolmicocancnquintanaroo-knc6wmu.com\/?p=3669"},"modified":"2021-06-11T07:14:27","modified_gmt":"2021-06-11T07:14:27","slug":"anuncia-fonatur-que-iniciara-la-repavimentacion-del-bulevar-kukulcan","status":"publish","type":"post","link":"https:\/\/xn--huracnpolmicocancnquintanaroo-knc6wmu.com\/?p=3669","title":{"rendered":"Anuncia Fonatur que iniciar\u00e1 la repavimentaci\u00f3n del Bulevar Kukulc\u00e1n"},"content":{"rendered":"<div class=\"zox-article-wrap zoxrel left zox100\">\n<div class=\"zox-post-main-grid\">\n<div class=\"zox-post-width\">\n<div class=\"zox-post-main-wrap zoxrel left zox100\">\n<div class=\"zox-post-main\">\n<div class=\"zox-post-body-wrap left zoxrel\">\n<div class=\"zox-post-body left zoxrel zox100\">\n<p>El Fondo Nacional de Fomento al Turismo (Fonatur), iniciar\u00e1 a partir del 21 de junio pr\u00f3ximo los trabajos de repavimentaci\u00f3n del Bulevar Kukulc\u00e1n de la Zona Hotelera de Canc\u00fan, obra en la que se invertir\u00e1n 56.2 millones de pesos.<\/p>\n<div class=\"afw afw_custom afw_ad afwadid-267205 \" data-ad-id=\"267205\">\n<div id=\"div-gpt-ad-1571779814198-0\" data-google-query-id=\"CNTwiIKCj_ECFc3l4QodUVkN9w\">\n<div id=\"google_ads_iframe_\/121287434\/web750_0__container__\">Ra\u00fal Berm\u00fadez Arreola, encargado de despacho del Centro Integralmente Planeado (CIP) Canc\u00fan, dio a conocer que el proyecto estar\u00e1 a cargo de la filial Fonatur Infraestructura, cuyo contrato establece que las obras se realizar\u00e1n desde junio teniendo como fecha de conclusi\u00f3n el 5 de noviembre de este mismo a\u00f1o.<\/div>\n<\/div>\n<\/div>\n<p>Explic\u00f3 que la meta es ejecutar los trabajos a lo largo de 12.7 kil\u00f3metros del Bulevar Kukulc\u00e1n que consisten en trabajos de fresado y repavimentaci\u00f3n de la carpeta asf\u00e1ltica, abarcando los 7.5 metros de ancho de cada carril de la vialidad.<\/p>\n<p>Inform\u00f3 que se pondr\u00e1 especial atenci\u00f3n en la calidad de la obra, pues se cortar\u00e1n entre 7 y 9 cent\u00edmetros de espesor y se repondr\u00e1 con mezcla asf\u00e1ltica en caliente, a fin de garantizar la resistencia del pavimento.<\/p>\n<p>Dijo que de acuerdo con el plan de trabajo de Fonatur Infraestructura la obra se realizar\u00e1 en tramos aislados, tomando en cuenta la necesidad de las zonas que m\u00e1s lo requieren hasta sumar los 12.7 kil\u00f3metros contemplados, abarcando tanto el lado mar como el lado laguna del Bulevar Kukulc\u00e1n.<\/p>\n<div id=\"attachment_291437\" class=\"wp-caption aligncenter\">\n<div id=\"standard_2\" class=\"st-placement standard_2 inImage\">\n<div class=\"st-adunit st-reset st-show\">\n<div class=\"st-adunit-ad st-reset\">\n<div class=\"st-reset render-mode-normal\">\n<div class=\"st-video-creative st-reset\">\n<div class=\"video-creative-container st-reset\"><img loading=\"lazy\" decoding=\"async\" class=\"wp-image-291437 lazyloaded\" src=\"https:\/\/turquesanews.mx\/wp-content\/uploads\/2021\/06\/WhatsApp-Image-2021-06-10-at-12.28.07-PM-1.jpeg.webp\" sizes=\"auto, (max-width: 919px) 100vw, 919px\" srcset=\"https:\/\/turquesanews.mx\/wp-content\/uploads\/2021\/06\/WhatsApp-Image-2021-06-10-at-12.28.07-PM-1.jpeg.webp 1200w, https:\/\/turquesanews.mx\/wp-content\/uploads\/2021\/06\/WhatsApp-Image-2021-06-10-at-12.28.07-PM-1-300x169.jpeg.webp 300w, https:\/\/turquesanews.mx\/wp-content\/uploads\/2021\/06\/WhatsApp-Image-2021-06-10-at-12.28.07-PM-1-768x432.jpeg.webp 768w, https:\/\/turquesanews.mx\/wp-content\/uploads\/2021\/06\/WhatsApp-Image-2021-06-10-at-12.28.07-PM-1-600x337.jpeg.webp 600w\" alt=\"Anuncia Fonatur que iniciar\u00e1 la repavimentaci\u00f3n del Bulevar Kukulc\u00e1n; se contempla rehabilitar 12.7 kil\u00f3metros en la Zona Hotelera de Canc\u00fan.\" width=\"919\" height=\"517\" aria-describedby=\"caption-attachment-291437\" data-lazy-src-webp=\"https:\/\/turquesanews.mx\/wp-content\/uploads\/2021\/06\/WhatsApp-Image-2021-06-10-at-12.28.07-PM-1.jpeg.webp\" data-lazy-srcset-webp=\"https:\/\/turquesanews.mx\/wp-content\/uploads\/2021\/06\/WhatsApp-Image-2021-06-10-at-12.28.07-PM-1.jpeg.webp 1200w, https:\/\/turquesanews.mx\/wp-content\/uploads\/2021\/06\/WhatsApp-Image-2021-06-10-at-12.28.07-PM-1-300x169.jpeg.webp 300w, https:\/\/turquesanews.mx\/wp-content\/uploads\/2021\/06\/WhatsApp-Image-2021-06-10-at-12.28.07-PM-1-768x432.jpeg.webp 768w, https:\/\/turquesanews.mx\/wp-content\/uploads\/2021\/06\/WhatsApp-Image-2021-06-10-at-12.28.07-PM-1-600x337.jpeg.webp 600w\" data-ll-status=\"loaded\" \/><\/div>\n<\/div>\n<\/div>\n<\/div>\n<\/div>\n<\/div>\n<p id=\"caption-attachment-291437\" class=\"wp-caption-text\">Anuncia Fonatur que iniciar\u00e1 la repavimentaci\u00f3n del Bulevar Kukulc\u00e1n; se contempla rehabilitar 12.7 kil\u00f3metros en la Zona Hotelera de Canc\u00fan.<\/p>\n<\/div>\n<p>Con el fin de prevenir complicaciones en el tr\u00e1nsito vehicular de la Zona Hotelera, los trabajos se efectuar\u00e1n \u00fanicamente por la noche en una primera etapa del 21 junio al 15 de agosto; mientras que del 16 de agosto al 5 de noviembre se trabajar\u00e1 en horarios diurnos y nocturnos.<\/p>\n<p>Asimismo, en todo momento durante la obra se contar\u00e1 con el apoyo de una brigada de topograf\u00eda y brigada de laboratorio para garantizar el control de calidad y que los trabajos avancen conforme a lo previsto.<\/p>\n<p>Sobre el presupuesto, Berm\u00fadez Arreola coment\u00f3 que los 56.2 millones de pesos se contemplan en la partida financiera autorizada a la dependencia correspondiente al ejercicio 2021 y otros trabajos complementarios para ejercer durante el segundo semestre del a\u00f1o que permitan mantener en \u00f3ptimas condiciones la Zona Hotelera.<\/p>\n<p>Finalmente, hizo un llamado a los usuarios locales, turistas y trabajadores de la zona hotelera para que tomen las medidas necesarias durante las fechas en que se realizar\u00e1n los trabajos de repavimentaci\u00f3n, a fin de prevenir conflictos viales y accidentes en los tramos donde se ejecutar\u00e1n las obras.<\/p>\n<\/div>\n<\/div>\n<\/div>\n<\/div>\n<\/div>\n<\/div>\n<\/div>\n","protected":false},"excerpt":{"rendered":"<p>El Fondo Nacional de Fomento al Turismo (Fonatur), iniciar\u00e1 a partir del 21 de junio&#8230;<\/p>\n","protected":false},"author":1,"featured_media":3670,"comment_status":"closed","ping_status":"closed","sticky":false,"template":"","format":"standard","meta":{"footnotes":""},"categories":[2],"tags":[],"class_list":["post-3669","post","type-post","status-publish","format-standard","has-post-thumbnail","hentry","category-local"],"_links":{"self":[{"href":"https:\/\/xn--huracnpolmicocancnquintanaroo-knc6wmu.com\/index.php?rest_route=\/wp\/v2\/posts\/3669","targetHints":{"allow":["GET"]}}],"collection":[{"href":"https:\/\/xn--huracnpolmicocancnquintanaroo-knc6wmu.com\/index.php?rest_route=\/wp\/v2\/posts"}],"about":[{"href":"https:\/\/xn--huracnpolmicocancnquintanaroo-knc6wmu.com\/index.php?rest_route=\/wp\/v2\/types\/post"}],"author":[{"embeddable":true,"href":"https:\/\/xn--huracnpolmicocancnquintanaroo-knc6wmu.com\/index.php?rest_route=\/wp\/v2\/users\/1"}],"replies":[{"embeddable":true,"href":"https:\/\/xn--huracnpolmicocancnquintanaroo-knc6wmu.com\/index.php?rest_route=%2Fwp%2Fv2%2Fcomments&post=3669"}],"version-history":[{"count":1,"href":"https:\/\/xn--huracnpolmicocancnquintanaroo-knc6wmu.com\/index.php?rest_route=\/wp\/v2\/posts\/3669\/revisions"}],"predecessor-version":[{"id":3671,"href":"https:\/\/xn--huracnpolmicocancnquintanaroo-knc6wmu.com\/index.php?rest_route=\/wp\/v2\/posts\/3669\/revisions\/3671"}],"wp:featuredmedia":[{"embeddable":true,"href":"https:\/\/xn--huracnpolmicocancnquintanaroo-knc6wmu.com\/index.php?rest_route=\/wp\/v2\/media\/3670"}],"wp:attachment":[{"href":"https:\/\/xn--huracnpolmicocancnquintanaroo-knc6wmu.com\/index.php?rest_route=%2Fwp%2Fv2%2Fmedia&parent=3669"}],"wp:term":[{"taxonomy":"category","embeddable":true,"href":"https:\/\/xn--huracnpolmicocancnquintanaroo-knc6wmu.com\/index.php?rest_route=%2Fwp%2Fv2%2Fcategories&post=3669"},{"taxonomy":"post_tag","embeddable":true,"href":"https:\/\/xn--huracnpolmicocancnquintanaroo-knc6wmu.com\/index.php?rest_route=%2Fwp%2Fv2%2Ftags&post=3669"}],"curies":[{"name":"wp","href":"https:\/\/api.w.org\/{rel}","templated":true}]}}