{"id":3672,"date":"2021-06-11T11:14:59","date_gmt":"2021-06-11T11:14:59","guid":{"rendered":"https:\/\/xn--huracnpolmicocancnquintanaroo-knc6wmu.com\/?p=3672"},"modified":"2021-06-11T07:23:34","modified_gmt":"2021-06-11T07:23:34","slug":"confirman-primer-caso-por-covid-19-tras-regreso-a-clases-presenciales-en-cdmx","status":"publish","type":"post","link":"https:\/\/xn--huracnpolmicocancnquintanaroo-knc6wmu.com\/?p=3672","title":{"rendered":"Confirman primer caso por COVID-19 tras regreso a clases presenciales en CDMX"},"content":{"rendered":"<div class=\"sp--share-buttons item__article--shares\">\n<p>La Autoridad Educativa Federal en la\u00a0<strong>Ciudad de M\u00e9xico<\/strong>\u00a0(<strong>AEFCM<\/strong>) informa que, durante el\u00a0<strong>regreso a clases presenciales<\/strong>, se registr\u00f3 el<strong>\u00a0primer caso positivo<\/strong>\u00a0por\u00a0<strong>COVID-19<\/strong>, en un\u00a0<strong>adolescente<\/strong>\u00a0que cursa el primer grado de educaci\u00f3n\u00a0<strong>secundaria<\/strong>.<\/p>\n<p>El alumno pertenece a la\u00a0<strong>Escuela Secundaria T\u00e9cnica No. 80<\/strong>, ubicada en la\u00a0<strong>colonia Miguel Hidalgo<\/strong>, de la\u00a0<strong>alcald\u00eda de Tl\u00e1huac<\/strong>.<\/p>\n<p>De acuerdo con las orientaciones sobre el regreso a la escuela durante el ciclo escolar 2020-2021 emitidas por la\u00a0<strong>AEFCM<\/strong>, la familia del estudiante notific\u00f3 a las autoridades del plantel que el menor hab\u00eda mostrado s\u00edntomas, y que de acuerdo a la prueba r\u00e1pida que se le realiz\u00f3, dio\u00a0<strong>positivo a SARS-COV-2<\/strong>, hecho que se notific\u00f3 de inmediato a las autoridades sanitarias y educativas locales, para tomar las previsiones necesarias con el objeto de salvaguardar la integridad de la comunidad escolar.<\/p>\n<p>En respuesta, la comunidad educativa decidi\u00f3, como medida preventiva, de manera voluntaria y en libertad, retomar las actividades a distancia, al tiempo que se realizan las acciones de control epidemiol\u00f3gico a quienes tuvieron contacto con el menor.<\/p>\n<p>Se inform\u00f3, adem\u00e1s, que el\u00a0<strong>Colegio Williams<\/strong>, plantel\u00a0<strong>Mixcoac<\/strong>, report\u00f3 a las autoridades de salud y educativas\u00a0<strong>dos casos \u201csospechosos\u201d\u00a0<\/strong>por COVID-19, ya que tuvieron contacto con personas que resultaron positivas; en ambos se realiz\u00f3 la prueba, en uno sali\u00f3 negativo y en el segundo se est\u00e1 en espera del resultado. La comunidad decidi\u00f3 regresar a clases a distancia.<\/p>\n<p>La\u00a0<strong>AEFCM<\/strong>\u00a0inform\u00f3 que seguir\u00e1 implementando las acciones recomendadas por las autoridades de\u00a0<strong>Salud<\/strong>, y monitorear\u00e1 de manera permanente las escuelas p\u00fablicas y privadas de educaci\u00f3n b\u00e1sica que voluntariamente decidieron abrir en la\u00a0<strong>Ciudad de M\u00e9xico<\/strong>.<\/p>\n<p>Tras m\u00e1s de un a\u00f1o sin clases presenciales y luego de la vacunaci\u00f3n del personal docente, miles de estudiantes de la Ciudad de M\u00e9xico retomaron el\u00a0lunes pasado\u00a0las lecciones en las aulas, aunque el regreso todav\u00eda es voluntario.<\/p>\n<div class=\"twitter-tweet twitter-tweet-rendered\"><iframe id=\"twitter-widget-0\" class=\"\" title=\"Twitter Tweet\" src=\"https:\/\/platform.twitter.com\/embed\/Tweet.html?creatorScreenName=lopezdoriga&amp;dnt=false&amp;embedId=twitter-widget-0&amp;features=eyJ0ZndfZXhwZXJpbWVudHNfY29va2llX2V4cGlyYXRpb24iOnsiYnVja2V0IjoxMjA5NjAwLCJ2ZXJzaW9uIjpudWxsfSwidGZ3X2hvcml6b25fdHdlZXRfZW1iZWRfOTU1NSI6eyJidWNrZXQiOiJodGUiLCJ2ZXJzaW9uIjpudWxsfSwidGZ3X3R3ZWV0X2VtYmVkX2NsaWNrYWJpbGl0eV8xMjEwMiI6eyJidWNrZXQiOiJjb250cm9sIiwidmVyc2lvbiI6bnVsbH19&amp;frame=false&amp;hideCard=false&amp;hideThread=false&amp;id=1401887188468502533&amp;lang=es&amp;origin=https%3A%2F%2Flopezdoriga.com%2Fnacional%2Fkamala-harris-pidio-mexico-deje-trabajar-ong-prensa-amlo-lopez-obrador%2F&amp;sessionId=7b7240043a47b729dfe04769f77d7c8d630718e0&amp;siteScreenName=lopezdoriga&amp;theme=light&amp;widgetsVersion=82e1070%3A1619632193066&amp;width=550px\" frameborder=\"0\" scrolling=\"no\" allowfullscreen=\"allowfullscreen\" data-tweet-id=\"1401887188468502533\" data-mce-fragment=\"1\"><\/iframe><\/div>\n<\/div>\n","protected":false},"excerpt":{"rendered":"<p>La Autoridad Educativa Federal en la\u00a0Ciudad de M\u00e9xico\u00a0(AEFCM) informa que, durante el\u00a0regreso a clases presenciales,&#8230;<\/p>\n","protected":false},"author":1,"featured_media":3673,"comment_status":"closed","ping_status":"closed","sticky":false,"template":"","format":"standard","meta":{"footnotes":""},"categories":[12],"tags":[],"class_list":["post-3672","post","type-post","status-publish","format-standard","has-post-thumbnail","hentry","category-nacional"],"_links":{"self":[{"href":"https:\/\/xn--huracnpolmicocancnquintanaroo-knc6wmu.com\/index.php?rest_route=\/wp\/v2\/posts\/3672","targetHints":{"allow":["GET"]}}],"collection":[{"href":"https:\/\/xn--huracnpolmicocancnquintanaroo-knc6wmu.com\/index.php?rest_route=\/wp\/v2\/posts"}],"about":[{"href":"https:\/\/xn--huracnpolmicocancnquintanaroo-knc6wmu.com\/index.php?rest_route=\/wp\/v2\/types\/post"}],"author":[{"embeddable":true,"href":"https:\/\/xn--huracnpolmicocancnquintanaroo-knc6wmu.com\/index.php?rest_route=\/wp\/v2\/users\/1"}],"replies":[{"embeddable":true,"href":"https:\/\/xn--huracnpolmicocancnquintanaroo-knc6wmu.com\/index.php?rest_route=%2Fwp%2Fv2%2Fcomments&post=3672"}],"version-history":[{"count":1,"href":"https:\/\/xn--huracnpolmicocancnquintanaroo-knc6wmu.com\/index.php?rest_route=\/wp\/v2\/posts\/3672\/revisions"}],"predecessor-version":[{"id":3674,"href":"https:\/\/xn--huracnpolmicocancnquintanaroo-knc6wmu.com\/index.php?rest_route=\/wp\/v2\/posts\/3672\/revisions\/3674"}],"wp:featuredmedia":[{"embeddable":true,"href":"https:\/\/xn--huracnpolmicocancnquintanaroo-knc6wmu.com\/index.php?rest_route=\/wp\/v2\/media\/3673"}],"wp:attachment":[{"href":"https:\/\/xn--huracnpolmicocancnquintanaroo-knc6wmu.com\/index.php?rest_route=%2Fwp%2Fv2%2Fmedia&parent=3672"}],"wp:term":[{"taxonomy":"category","embeddable":true,"href":"https:\/\/xn--huracnpolmicocancnquintanaroo-knc6wmu.com\/index.php?rest_route=%2Fwp%2Fv2%2Fcategories&post=3672"},{"taxonomy":"post_tag","embeddable":true,"href":"https:\/\/xn--huracnpolmicocancnquintanaroo-knc6wmu.com\/index.php?rest_route=%2Fwp%2Fv2%2Ftags&post=3672"}],"curies":[{"name":"wp","href":"https:\/\/api.w.org\/{rel}","templated":true}]}}