{"id":3728,"date":"2021-06-18T11:13:13","date_gmt":"2021-06-18T11:13:13","guid":{"rendered":"https:\/\/xn--huracnpolmicocancnquintanaroo-knc6wmu.com\/?p=3728"},"modified":"2021-06-18T06:27:53","modified_gmt":"2021-06-18T06:27:53","slug":"corea-del-norte-debe-prepararse-para-dialogo-y-confrontacion-con-eu-dice-kim-jong-un","status":"publish","type":"post","link":"https:\/\/xn--huracnpolmicocancnquintanaroo-knc6wmu.com\/?p=3728","title":{"rendered":"Corea del Norte debe prepararse para &#8216;di\u00e1logo y confrontaci\u00f3n&#8217; con EU, dice Kim Jong Un"},"content":{"rendered":"<div class=\"row\">\n<div id=\"article-content-tts\" class=\"article-content ljn-nota-contenido\">\n<div id=\"content_nitf\">\n<p><em>Cajeme, Son<\/em>. A 12 kil\u00f3metros de la comunidad yaqui V\u00edcam, un le\u00f1ador localiz\u00f3 una fosa clandestina con un cuerpo semienterrado con caracter\u00edsticas del l\u00edder \u00e9tnico, Tom\u00e1s Rojo Valencia, quien fue reportado como desaparecido el 27 de mayo; la Fiscal\u00eda de Sonora realiza comparativas de ADN para determinar si se trata del vocero yaqui.<\/p>\n<p>A trav\u00e9s de un comunicado, la Fiscal\u00eda General de Justicia de Sonora inform\u00f3 que una persona que buscaba le\u00f1a a 12 kil\u00f3metros al Sureste del pueblo yaqui V\u00edcam y a 2 kil\u00f3metros al Este de la Carretera Estatal 29, localiz\u00f3 una fosa clandestina con un cuerpo semi enterrado entre los arbustos.<\/p>\n<p>En el lugar se recolectaron diversos indicios como prendas de vestir, las cuales coinciden con la descrita por familiares en la denuncia, que tra\u00eda el Tom\u00e1s Rojo el d\u00eda que sali\u00f3 de su domicilio la ma\u00f1ana del 27 de mayo, entre ellas destaca el caracter\u00edstico pa\u00f1uelo rojo que a diario portaba en su cuello.<\/p>\n<p>Personal de Servicios Periciales de la FGJE, notificaron que realizan comparativas de ADN para determinar si se trata de Tom\u00e1s Rojo Valencia, vocero de la etnia Yaqui: \u201cPersonal de Servicios Periciales, de la FGJE Sonora, recolectaron indicios y prendas que coinciden con la descrita por familiares en la denuncia, que vest\u00eda el vocero el d\u00eda de su desaparici\u00f3n; sin embargo, ser\u00e1 la ciencia quien d\u00e9 la certeza o no de la identidad de los restos\u201d.<\/p>\n<p>Desde ese mismo d\u00eda que Tom\u00e1s Rojo no volvi\u00f3 a casa, su hija Pamela Samatra denunci\u00f3 ante las autoridades ministeriales que su padre, el vocero yaqui sali\u00f3 de su domicilio de V\u00edcam para caminar, como era su costumbre, pero ya no se supieron m\u00e1s de \u00e9l.<\/p>\n<p>Elementos de los tres niveles de Gobierno junto a la Comisi\u00f3n de B\u00fasqueda de Personas para el Estado de Sonora mantuvieron acciones de b\u00fasqueda por varias zonas de la regi\u00f3n, con apoyo y permisos de la Guardia Tradicional Yaqui.<\/p>\n<p>El yaqui Tom\u00e1s Rojo Valencia, l\u00edder de la etnia fue uno de los principales opositores del Acueducto Independencia en la administraci\u00f3n de Guillermo Padr\u00e9s El\u00edas, por lo que fue amenazado y perseguido por fuerzas policiales de ese momento. Encabez\u00f3 la llamada guerra por el agua en Sonora acompa\u00f1ado por un s\u00e9quito de yaquis, entre ellos Luis Urbano Dom\u00ednguez Mendoza, asesinado el pasado 8 de junio en el centro de Cajeme.<\/p>\n<\/div>\n<\/div>\n<\/div>\n<div class=\"article-meta\">\n<hr \/>\n<\/div>\n","protected":false},"excerpt":{"rendered":"<p>Cajeme, Son. A 12 kil\u00f3metros de la comunidad yaqui V\u00edcam, un le\u00f1ador localiz\u00f3 una fosa&#8230;<\/p>\n","protected":false},"author":1,"featured_media":3730,"comment_status":"closed","ping_status":"closed","sticky":false,"template":"","format":"standard","meta":{"footnotes":""},"categories":[11],"tags":[],"class_list":["post-3728","post","type-post","status-publish","format-standard","has-post-thumbnail","hentry","category-internacional"],"_links":{"self":[{"href":"https:\/\/xn--huracnpolmicocancnquintanaroo-knc6wmu.com\/index.php?rest_route=\/wp\/v2\/posts\/3728","targetHints":{"allow":["GET"]}}],"collection":[{"href":"https:\/\/xn--huracnpolmicocancnquintanaroo-knc6wmu.com\/index.php?rest_route=\/wp\/v2\/posts"}],"about":[{"href":"https:\/\/xn--huracnpolmicocancnquintanaroo-knc6wmu.com\/index.php?rest_route=\/wp\/v2\/types\/post"}],"author":[{"embeddable":true,"href":"https:\/\/xn--huracnpolmicocancnquintanaroo-knc6wmu.com\/index.php?rest_route=\/wp\/v2\/users\/1"}],"replies":[{"embeddable":true,"href":"https:\/\/xn--huracnpolmicocancnquintanaroo-knc6wmu.com\/index.php?rest_route=%2Fwp%2Fv2%2Fcomments&post=3728"}],"version-history":[{"count":1,"href":"https:\/\/xn--huracnpolmicocancnquintanaroo-knc6wmu.com\/index.php?rest_route=\/wp\/v2\/posts\/3728\/revisions"}],"predecessor-version":[{"id":3731,"href":"https:\/\/xn--huracnpolmicocancnquintanaroo-knc6wmu.com\/index.php?rest_route=\/wp\/v2\/posts\/3728\/revisions\/3731"}],"wp:featuredmedia":[{"embeddable":true,"href":"https:\/\/xn--huracnpolmicocancnquintanaroo-knc6wmu.com\/index.php?rest_route=\/wp\/v2\/media\/3730"}],"wp:attachment":[{"href":"https:\/\/xn--huracnpolmicocancnquintanaroo-knc6wmu.com\/index.php?rest_route=%2Fwp%2Fv2%2Fmedia&parent=3728"}],"wp:term":[{"taxonomy":"category","embeddable":true,"href":"https:\/\/xn--huracnpolmicocancnquintanaroo-knc6wmu.com\/index.php?rest_route=%2Fwp%2Fv2%2Fcategories&post=3728"},{"taxonomy":"post_tag","embeddable":true,"href":"https:\/\/xn--huracnpolmicocancnquintanaroo-knc6wmu.com\/index.php?rest_route=%2Fwp%2Fv2%2Ftags&post=3728"}],"curies":[{"name":"wp","href":"https:\/\/api.w.org\/{rel}","templated":true}]}}