{"id":3739,"date":"2021-06-19T11:48:24","date_gmt":"2021-06-19T11:48:24","guid":{"rendered":"https:\/\/xn--huracnpolmicocancnquintanaroo-knc6wmu.com\/?p=3739"},"modified":"2021-06-19T03:54:32","modified_gmt":"2021-06-19T03:54:32","slug":"ecuador-busca-acuerdos-con-eu-mexico-y-america-latina","status":"publish","type":"post","link":"https:\/\/xn--huracnpolmicocancnquintanaroo-knc6wmu.com\/?p=3739","title":{"rendered":"Ecuador busca acuerdos con EU, M\u00e9xico y Am\u00e9rica Latina"},"content":{"rendered":"<p><strong>Ecuador\u00a0<\/strong>busca suscribir acuerdos comerciales con\u00a0<strong>Estados Unidos y Am\u00e9rica Latina\u00a0<\/strong>como parte de la pol\u00edtica de\u00a0reactivaci\u00f3n econ\u00f3mica\u00a0propuesta por el<strong>\u00a0presidente Guillermo Lasso<\/strong>, en el poder hace menos de un mes.<\/p>\n<p>El ministro de Comercio Exterior,<strong>\u00a0Julio Jos\u00e9 Prado<\/strong>, dijo el viernes a la red de televisi\u00f3n Ecuavisa que se ha enviado una delegaci\u00f3n a\u00a0<strong>Estados Unidos para acordar\u00a0<\/strong>\u201cuna hoja de ruta para un acuerdo comercial y expresarle a los empresarios y al gobierno que Ecuador est\u00e1 abierto a hacer negocios con su principal socio comercial\u201d.<\/p>\n<p>Ecuador registr\u00f3 exportaciones por 2.680 millones de d\u00f3lares a ese pa\u00eds e importaciones por 2.823 millones en 2020.<\/p>\n<div class=\"teads-inread\">\n<div id=\"teads0\" class=\"teads-player\">Ccerca de <strong>M\u00e9xico<\/strong>, Prado explic\u00f3 que resta cerrar un par de rondas t\u00e9cnicas, que podr\u00edan concluir a fin de a\u00f1o, con miras a un acuerdo comercial.<\/div>\n<\/div>\n<blockquote><p>Estamos avanzando r\u00e1pidamente, adem\u00e1s estamos avanzando bien, entendiendo las sensibilidades del lado ecuatoriano y las oportunidades del lado de las exportaciones, no s\u00f3lo comerciales, porque M\u00e9xico es el principal inversionista en forma individual en Ecuador&#8221;, asever\u00f3.<\/p><\/blockquote>\n<p>Expres\u00f3 que hay oportunidades de atraer a empresas e inversiones mexicanas &#8220;que ayuden a reactivar la econom\u00eda y generen trabajo en Ecuador, que es lo que tambi\u00e9n queremos\u201d. Ecuador ha exportado 108 millones de d\u00f3lares e import\u00f3 674 millones el a\u00f1o pasado.<\/p>\n<p><strong>M\u00e9xico es una prioridad para la diplomacia<\/strong>\u00a0y el comercio exterior de este pa\u00eds no s\u00f3lo por la importancia de un eventual acuerdo comercial, sino porque constituye una v\u00eda expedita hacia la integraci\u00f3n ecuatoriana de la Alianza del Pac\u00edfico, un foro de articulaci\u00f3n pol\u00edtica, econ\u00f3mica, cooperaci\u00f3n e integraci\u00f3n formado por Chile, Colombia, M\u00e9xico y Per\u00fa que funciona desde 2012.<\/p>\n<p>Prado a\u00f1adi\u00f3 que la nueva pol\u00edtica de comercio exterior del gobierno de Lasso busca \u201cla mayor cantidad de oportunidades para la producci\u00f3n ecuatoriana&#8230; tenemos que ir hacia Am\u00e9rica Latina y otros pa\u00edses del mundo\u201d.<\/p>\n<p><strong>Lasso<\/strong>, un exbanquero de derecha, asumi\u00f3 el poder el 24 de mayo para un per\u00edodo de cuatro a\u00f1os.<\/p>\n<p>&nbsp;<\/p>\n","protected":false},"excerpt":{"rendered":"<p>Ecuador\u00a0busca suscribir acuerdos comerciales con\u00a0Estados Unidos y Am\u00e9rica Latina\u00a0como parte de la pol\u00edtica de\u00a0reactivaci\u00f3n econ\u00f3mica\u00a0propuesta&#8230;<\/p>\n","protected":false},"author":1,"featured_media":3740,"comment_status":"closed","ping_status":"closed","sticky":false,"template":"","format":"standard","meta":{"footnotes":""},"categories":[11],"tags":[],"class_list":["post-3739","post","type-post","status-publish","format-standard","has-post-thumbnail","hentry","category-internacional"],"_links":{"self":[{"href":"https:\/\/xn--huracnpolmicocancnquintanaroo-knc6wmu.com\/index.php?rest_route=\/wp\/v2\/posts\/3739","targetHints":{"allow":["GET"]}}],"collection":[{"href":"https:\/\/xn--huracnpolmicocancnquintanaroo-knc6wmu.com\/index.php?rest_route=\/wp\/v2\/posts"}],"about":[{"href":"https:\/\/xn--huracnpolmicocancnquintanaroo-knc6wmu.com\/index.php?rest_route=\/wp\/v2\/types\/post"}],"author":[{"embeddable":true,"href":"https:\/\/xn--huracnpolmicocancnquintanaroo-knc6wmu.com\/index.php?rest_route=\/wp\/v2\/users\/1"}],"replies":[{"embeddable":true,"href":"https:\/\/xn--huracnpolmicocancnquintanaroo-knc6wmu.com\/index.php?rest_route=%2Fwp%2Fv2%2Fcomments&post=3739"}],"version-history":[{"count":1,"href":"https:\/\/xn--huracnpolmicocancnquintanaroo-knc6wmu.com\/index.php?rest_route=\/wp\/v2\/posts\/3739\/revisions"}],"predecessor-version":[{"id":3741,"href":"https:\/\/xn--huracnpolmicocancnquintanaroo-knc6wmu.com\/index.php?rest_route=\/wp\/v2\/posts\/3739\/revisions\/3741"}],"wp:featuredmedia":[{"embeddable":true,"href":"https:\/\/xn--huracnpolmicocancnquintanaroo-knc6wmu.com\/index.php?rest_route=\/wp\/v2\/media\/3740"}],"wp:attachment":[{"href":"https:\/\/xn--huracnpolmicocancnquintanaroo-knc6wmu.com\/index.php?rest_route=%2Fwp%2Fv2%2Fmedia&parent=3739"}],"wp:term":[{"taxonomy":"category","embeddable":true,"href":"https:\/\/xn--huracnpolmicocancnquintanaroo-knc6wmu.com\/index.php?rest_route=%2Fwp%2Fv2%2Fcategories&post=3739"},{"taxonomy":"post_tag","embeddable":true,"href":"https:\/\/xn--huracnpolmicocancnquintanaroo-knc6wmu.com\/index.php?rest_route=%2Fwp%2Fv2%2Ftags&post=3739"}],"curies":[{"name":"wp","href":"https:\/\/api.w.org\/{rel}","templated":true}]}}