{"id":3757,"date":"2021-06-22T11:11:27","date_gmt":"2021-06-22T11:11:27","guid":{"rendered":"https:\/\/xn--huracnpolmicocancnquintanaroo-knc6wmu.com\/?p=3757"},"modified":"2021-06-22T05:16:28","modified_gmt":"2021-06-22T05:16:28","slug":"miles-marchan-contra-bolsonaro-en-brasil-que-roza-500-mil-muertes-por-covid","status":"publish","type":"post","link":"https:\/\/xn--huracnpolmicocancnquintanaroo-knc6wmu.com\/?p=3757","title":{"rendered":"Miles marchan contra Bolsonaro en Brasil, que roza 500 mil muertes por covid"},"content":{"rendered":"<p class=\"letter-capitular\"><strong>Miles<\/strong>\u00a0de personas salieron a las\u00a0<strong>calles<\/strong>\u00a0de varias<strong>\u00a0capitales brasile\u00f1as<\/strong>\u00a0este s\u00e1bado para\u00a0<strong>protestar<\/strong>\u00a0contra el\u00a0<strong>presidente ultraderechista Jair Bolsonaro<\/strong>\u00a0por su\u00a0<strong>gesti\u00f3n<\/strong>\u00a0de la pandemia, que ya dej\u00f3 casi\u00a0<strong>medio mill\u00f3n de muertos<\/strong>\u00a0en el pa\u00eds.<\/p>\n<p>Desde temprano, muchos se congregaron en\u00a0<strong>R\u00edo de Janeiro<\/strong>,\u00a0<strong>Brasilia\u00a0<\/strong>y\u00a0<strong>Recife<\/strong>, entre otras\u00a0<strong>15 capitales<\/strong>, defendiendo consignas como<strong>\u00a0&#8220;Fuera Bolsonaro&#8221;<\/strong>,\u00a0<strong>&#8220;Fuera genocida&#8221;<\/strong>, &#8220;Gobierno del\u00a0<strong>hambre<\/strong>\u00a0y el\u00a0<strong>desempleo<\/strong>&#8220;, &#8220;Vacuna ya&#8221; y &#8220;Vacuna en el brazo y comida en el plato&#8221;.<\/p>\n<blockquote><p>La posici\u00f3n de \u00e9l [Bolsonaro] con relaci\u00f3n al covid y su negacionismo son absurdos. \u00c9l ya sali\u00f3 de la realidad, del buen sentido, no se explica, es tan surreal&#8221;, opin\u00f3 Robert Almeida, un fot\u00f3grafo de 50 a\u00f1os que compareci\u00f3 a la protesta en Rio de Janeiro.<\/p><\/blockquote>\n<p>Los actos fueron convocados por los frentes Brasil Popular y Povo Sem Medo (Pueblo sin Miedo), formados por decenas de organizaciones sociales y sindicales, apoyados por partidos y l\u00edderes pol\u00edticos, entre ellos el expresidente izquierdista Luiz In\u00e1cio Lula da Silva (2003-2010).<\/p>\n<p>Lula, sin embargo, no tiene previsto participar en los actos, inform\u00f3 su asesor\u00eda de comunicaci\u00f3n.<\/p>\n<p><span class=\"article-body-balloon\">Con casi medio mill\u00f3n de muertos, Brasil es el segundo pa\u00eds en el ranking de letalidad de la pandemia.<\/span><\/p>\n<p>Dos d\u00edas antes, el exmandatario dijo que no quer\u00eda que su presencia dominase &#8220;una manifestaci\u00f3n convocada por la sociedad brasile\u00f1a&#8221;.<\/p>\n<p>Las personas que salieron a protestar usaron cubrebocas y expresaron su preocupaci\u00f3n por el avance de la pandemia cuando se avecina\u00a0una tercera ola de contagios.<\/p>\n<h3>Vacunaci\u00f3n lenta<\/h3>\n<p>El programa de inmunizaci\u00f3n inici\u00f3 en enero despu\u00e9s de presiones del rival pol\u00edtico de Bolsonaro, Joao Doria, quien al frente de la gobernaci\u00f3n de Sao Paulo consigui\u00f3 un acuerdo con el laboratorio chino Sinovac para importar las primeras dosis de su inmunizante Coronavac.<\/p>\n<p>Desde entonces, solo 11.5% de la poblaci\u00f3n brasile\u00f1a (212 millones) ha sido vacunada.<\/p>\n<p>Una comisi\u00f3n parlamentaria investiga la acci\u00f3n del gobierno frente a la pandemia. Varios dirigentes calificaron a Bolsonaro de &#8220;genocida&#8221; por su rechazo a las medidas de aislamiento social y del uso de m\u00e1scaras y el retraso del gobierno en la campa\u00f1a de vacunaci\u00f3n.<\/p>\n<p>Brasil registra actualmente un promedio de cerca de 2 mil muertos por d\u00eda de covid-19.<\/p>\n<p>Pese a ello, el pa\u00eds acogi\u00f3 este mes la Copa Am\u00e9rica de futbol rechazada previamente por Colombia debido a las protestas sociales y por Argentina a causa de la pandemia.<\/p>\n<p><iframe loading=\"lazy\" title=\"Variante Delta dispara nuevos casos de covid en el mundo\/ RESUMEN\" width=\"640\" height=\"360\" src=\"https:\/\/www.youtube.com\/embed\/50SEErcPQI4?feature=oembed\" frameborder=\"0\" allow=\"accelerometer; autoplay; clipboard-write; encrypted-media; gyroscope; picture-in-picture; web-share\" referrerpolicy=\"strict-origin-when-cross-origin\" allowfullscreen><\/iframe><\/p>\n","protected":false},"excerpt":{"rendered":"<p>Miles\u00a0de personas salieron a las\u00a0calles\u00a0de varias\u00a0capitales brasile\u00f1as\u00a0este s\u00e1bado para\u00a0protestar\u00a0contra el\u00a0presidente ultraderechista Jair Bolsonaro\u00a0por su\u00a0gesti\u00f3n\u00a0de la&#8230;<\/p>\n","protected":false},"author":1,"featured_media":3758,"comment_status":"closed","ping_status":"closed","sticky":false,"template":"","format":"standard","meta":{"footnotes":""},"categories":[11],"tags":[],"class_list":["post-3757","post","type-post","status-publish","format-standard","has-post-thumbnail","hentry","category-internacional"],"_links":{"self":[{"href":"https:\/\/xn--huracnpolmicocancnquintanaroo-knc6wmu.com\/index.php?rest_route=\/wp\/v2\/posts\/3757","targetHints":{"allow":["GET"]}}],"collection":[{"href":"https:\/\/xn--huracnpolmicocancnquintanaroo-knc6wmu.com\/index.php?rest_route=\/wp\/v2\/posts"}],"about":[{"href":"https:\/\/xn--huracnpolmicocancnquintanaroo-knc6wmu.com\/index.php?rest_route=\/wp\/v2\/types\/post"}],"author":[{"embeddable":true,"href":"https:\/\/xn--huracnpolmicocancnquintanaroo-knc6wmu.com\/index.php?rest_route=\/wp\/v2\/users\/1"}],"replies":[{"embeddable":true,"href":"https:\/\/xn--huracnpolmicocancnquintanaroo-knc6wmu.com\/index.php?rest_route=%2Fwp%2Fv2%2Fcomments&post=3757"}],"version-history":[{"count":1,"href":"https:\/\/xn--huracnpolmicocancnquintanaroo-knc6wmu.com\/index.php?rest_route=\/wp\/v2\/posts\/3757\/revisions"}],"predecessor-version":[{"id":3759,"href":"https:\/\/xn--huracnpolmicocancnquintanaroo-knc6wmu.com\/index.php?rest_route=\/wp\/v2\/posts\/3757\/revisions\/3759"}],"wp:featuredmedia":[{"embeddable":true,"href":"https:\/\/xn--huracnpolmicocancnquintanaroo-knc6wmu.com\/index.php?rest_route=\/wp\/v2\/media\/3758"}],"wp:attachment":[{"href":"https:\/\/xn--huracnpolmicocancnquintanaroo-knc6wmu.com\/index.php?rest_route=%2Fwp%2Fv2%2Fmedia&parent=3757"}],"wp:term":[{"taxonomy":"category","embeddable":true,"href":"https:\/\/xn--huracnpolmicocancnquintanaroo-knc6wmu.com\/index.php?rest_route=%2Fwp%2Fv2%2Fcategories&post=3757"},{"taxonomy":"post_tag","embeddable":true,"href":"https:\/\/xn--huracnpolmicocancnquintanaroo-knc6wmu.com\/index.php?rest_route=%2Fwp%2Fv2%2Ftags&post=3757"}],"curies":[{"name":"wp","href":"https:\/\/api.w.org\/{rel}","templated":true}]}}